{"id":171603,"date":"2020-04-24T17:59:48","date_gmt":"2020-04-24T15:59:48","guid":{"rendered":"http:\/\/www.brundisium.net\/?p=171603"},"modified":"2020-04-24T16:12:33","modified_gmt":"2020-04-24T14:12:33","slug":"casa-della-salute-cisternino-insieme-finalmente-si-parte","status":"publish","type":"post","link":"https:\/\/www.brundisium.net\/index.php\/casa-della-salute-cisternino-insieme-finalmente-si-parte\/","title":{"rendered":"Casa della Salute, Cisternino Insieme: &#8220;finalmente si parte&#8221;"},"content":{"rendered":"<p>&#x1f3e5; CASA DELLA SALUTE<\/p>\n<p>&#x2757;&#xfe0f;FINALMENTE SI PARTE<\/p>\n<p>Apprendere che a breve la nostra \u201cCasa della salute\u201d diventer\u00e0 operativa, \u00e8 certamente una bella notizia, soprattutto per chi in questi anni ha lavorato affinch\u00e8 fosse prima costruito il Centro Alzheimer (con 1 milione di euro di fondi regionali) e poi fosse completato il primo piano gi\u00e0 nel 2016 (con 600 mila euro a cura della Asl), quando altri erano contrari. Ringraziamo quanti, aziende, lavoratori, tecnici, si sono adoperati in questi giorni.<\/p>\n<p>&nbsp;<\/p>\n<p>Per\u00f2 PECCATO:<br \/>\n&#8211; che per 4 anni colpevolmente si \u00e8 fatto poco o quasi nulla per rendere operativa la struttura;<br \/>\n&#8211; che per vedere un interessamento e l\u2019apertura della struttura abbiamo dovuto attendere un\u2019epidemia anzi una pandemia;<br \/>\n&#8211; che sar\u00e0 operativa solo per pazienti che hanno sfortunatamente contratto il Corona virus;<br \/>\n&#8211; che la struttura, che ospiter\u00e0 i pazienti Covid post acuzie, ha solo 4 stanze su 14 con bagno interno e che quindi la maggior parte dei pazienti sar\u00e0 costretta a utilizzare i bagni nel corridoio, quasi tutti peraltro sforniti di bidet;<br \/>\n&#8211; che cos\u00ec, molto probabilmente, non si rispetti il principio di precauzione che prevederebbe stanze dotate di tutti i servizi, al fine di evitare che i pazienti escano spesso dalle stesse e limitare cos\u00ec al massimo i contatti con gli operatori;<br \/>\n&#8211; che sembra non vi siano percorsi differenziati per i pazienti rispetto a quelli degli operatori.<br \/>\n&#8211; che la struttura al momento non risulta fornita di gruppo di continuit\u00e0 per l\u2019energia elettrica e di impianto di ossigeno, per quanto ci \u00e8 dato sapere;<br \/>\n&#8211; che non ci risulta sia stata trovata una soluzione per far alloggiare, separatamente dalle famiglie, gli operatori sanitari che lo volessero, per non correre il rischio di contagiare i familiari.<\/p>\n<p>&nbsp;<\/p>\n<p>Abbiamo dovuto attendere oltre alla pandemia la \u201cbenevolenza\u201d di un Consigliere regionale che, forse per \u201cqualche voto in pi\u00f9\u201d, ha trovato l\u2019occasione di farsi selfie, foto, servizi televisivi, individuando un nuovo oggetto\/giocattolo di propaganda, vista la momentanea chiusura del cantiere del nuovo ospedale di Monopoli.<br \/>\nLo stesso Consigliere che non sembra essersi preoccupato invece della deficitaria gestione dell\u2019emergenza da parte della Asl Brindisi e dei suoi vertici, vedi i problemi dell\u2019ospedale Perrino denunciati da pi\u00f9 parti, e che, quando in un Consiglio Comunale monotematico del 2017 veniva contestato il Piano di Riordino Ospedaliero, fortemente penalizzante per la provincia di Brindisi ed in particolare per la zona nord della stessa provincia, non ha fatto nulla per impedire la chiusura dei reparti ospedalieri di Fasano e di alcuni reparti di Ostuni, almeno sino alla apertura del nuovo ospedale di Monopoli.<\/p>\n<p>&nbsp;<\/p>\n<p>In questi 4 anni si \u00e8 sempre detto che per Cisternino non poteva farsi nulla con la scusa della necessit\u00e0 di allargare la strada da Piazza Navigatori e di non poter utilizzare la strada di via Magellano, nonostante nella Consulta della Salute in diverse occasioni venisse sollecitata apertura dei Poliambulatori al primo piano con accesso proprio da Via Magellano. Ad oggi nessuna progettazione risulta essere stata approvata relativamente alla realizzazione del secondo piano, che dovrebbe contenere l\u2019Ospedale di Comunit\u00e0 con tutti gli standard previsti dalla normativa. Saremo costretti ad assistere alla chiusura del nostro Ospedale di Comunit\u00e0 per chiss\u00e0 quanto tempo nell\u2019attesa che questa pandemia termini, quando si sarebbe potuto utilizzare un\u2019unica struttura per l\u2019intera provincia, come avvenuto in provincia di Taranto con l\u2019ospedale di Mottola.<\/p>\n<p>&nbsp;<\/p>\n<p>Ci auguriamo che quando la pandemia sar\u00e0 finita, la nuova Casa della Salute, cos\u00ec come \u00e8 stata \u201cadattata\u201d in pochi giorni, impiegando oltre 300 mila euro, potr\u00e0 ospitare l\u2019Ospedale di Comunit\u00e0 nel rispetto delle caratteristiche strutturali previste dall\u2019accordo stipulato in conferenza Stato Regioni nel febbraio scorso, anche se dubitiamo. Ad oggi non sappiamo se, come e quando potranno essere utilizzati i 5 milioni di euro previsti per realizzare il secondo piano da destinare ad Ospedale di Comunit\u00e0 e completare l\u2019opera affinch\u00e8 accolga tutti i servizi del Pta, incluso l\u2019indispensabile Punto di primo Intervento Territoriale. Purtroppo non si \u00e8 avuta la volont\u00e0 di ascoltare, nemmeno i nostri preparatissimi medici locali, e coinvolgere quando invece veniva offerta collaborazione.<\/p>\n<p>&nbsp;<\/p>\n<p>Insomma non ci resta che affidarci alla Fede, altro che alla Scienza. L\u2019unica scienza messa in campo finora pare quella della \u201cpropaganda\u201d e non della sicurezza dei cittadini e dei lavoratori, anche se speriamo di sbagliarci. Restiamo comunque fiduciosi e ci auguriamo che \u201candr\u00e0 tutto bene\u201d. Auguriamo la guarigione ai pazienti che saranno ospitati nella Casa della Salute e buon lavoro a medici ed operatori sanitari, ai quali rappresentiamo la nostra gratitudine.<\/p>\n<p>Certamente non resteremo a guardare, leggeremo le carte, sempre che ci siano date tempestivamente, e se errori sono stati commessi o saranno commessi faremo le nostre azioni per tutelare gli interessi dell\u2019intera comunit\u00e0. Solleciteremo la riapertura dell\u2019Ospedale di Comunit\u00e0 ed il vero completamento della Casa della Salute.<\/p>\n<p>&nbsp;<\/p>\n<p>Noi abbiamo sempre dichiarato la nostra disponibilit\u00e0 a lavorare unitariamente e lo abbiamo sempre dimostrato, soprattutto su questi temi, a differenza di altri.<br \/>\nParafrasando una nota pubblicit\u00e0: \u201cil nostro modo di fare politica \u00e8 stato sempre differente\u201d.<\/p>\n<p>&nbsp;<\/p>\n<p>c.s. Cisternino Insieme<\/p>\n","protected":false},"excerpt":{"rendered":"<p>&#x1f3e5; CASA DELLA SALUTE &#x2757;&#xfe0f;FINALMENTE SI PARTE Apprendere che a breve la nostra \u201cCasa della salute\u201d diventer\u00e0 operativa, \u00e8 certamente una bella notizia, soprattutto per chi in questi anni ha lavorato affinch\u00e8 fosse prima costruito il Centro Alzheimer (con 1 milione di euro di fondi regionali) e poi fosse completato il primo piano gi\u00e0 nel 2016 (con 600 mila euro a cura della Asl), quando altri erano contrari. Ringraziamo quanti, aziende, lavoratori, tecnici, si sono adoperati in questi giorni. &nbsp; Per\u00f2 PECCATO: &#8211; che per 4 anni colpevolmente si \u00e8 fatto poco o quasi nulla per rendere operativa la struttura; &#8211; che per vedere un interessamento e l\u2019apertura della struttura abbiamo dovuto attendere un\u2019epidemia anzi una pandemia; &#8211; che sar\u00e0 operativa solo per pazienti che hanno sfortunatamente contratto il Corona virus; &#8211; che la struttura, che ospiter\u00e0 i pazienti Covid post acuzie, ha solo 4 stanze su 14 con bagno interno e che quindi la maggior parte dei pazienti sar\u00e0 costretta a utilizzare i bagni nel corridoio, quasi tutti peraltro&#8230;<\/p>\n","protected":false},"author":2,"featured_media":171482,"comment_status":"open","ping_status":"closed","sticky":false,"template":"","format":"standard","meta":{"footnotes":""},"categories":[7],"tags":[],"class_list":["post-171603","post","type-post","status-publish","format-standard","has-post-thumbnail","hentry","category-news"],"_links":{"self":[{"href":"https:\/\/www.brundisium.net\/index.php\/wp-json\/wp\/v2\/posts\/171603","targetHints":{"allow":["GET"]}}],"collection":[{"href":"https:\/\/www.brundisium.net\/index.php\/wp-json\/wp\/v2\/posts"}],"about":[{"href":"https:\/\/www.brundisium.net\/index.php\/wp-json\/wp\/v2\/types\/post"}],"author":[{"embeddable":true,"href":"https:\/\/www.brundisium.net\/index.php\/wp-json\/wp\/v2\/users\/2"}],"replies":[{"embeddable":true,"href":"https:\/\/www.brundisium.net\/index.php\/wp-json\/wp\/v2\/comments?post=171603"}],"version-history":[{"count":1,"href":"https:\/\/www.brundisium.net\/index.php\/wp-json\/wp\/v2\/posts\/171603\/revisions"}],"predecessor-version":[{"id":171607,"href":"https:\/\/www.brundisium.net\/index.php\/wp-json\/wp\/v2\/posts\/171603\/revisions\/171607"}],"wp:featuredmedia":[{"embeddable":true,"href":"https:\/\/www.brundisium.net\/index.php\/wp-json\/wp\/v2\/media\/171482"}],"wp:attachment":[{"href":"https:\/\/www.brundisium.net\/index.php\/wp-json\/wp\/v2\/media?parent=171603"}],"wp:term":[{"taxonomy":"category","embeddable":true,"href":"https:\/\/www.brundisium.net\/index.php\/wp-json\/wp\/v2\/categories?post=171603"},{"taxonomy":"post_tag","embeddable":true,"href":"https:\/\/www.brundisium.net\/index.php\/wp-json\/wp\/v2\/tags?post=171603"}],"curies":[{"name":"wp","href":"https:\/\/api.w.org\/{rel}","templated":true}]}}