{"id":171635,"date":"2020-04-24T21:11:57","date_gmt":"2020-04-24T19:11:57","guid":{"rendered":"http:\/\/www.brundisium.net\/?p=171635"},"modified":"2020-04-25T14:46:58","modified_gmt":"2020-04-25T12:46:58","slug":"terapia-intensiva-al-perrino-le-critiche-di-forza-italia-e-fratelli-ditalia","status":"publish","type":"post","link":"https:\/\/www.brundisium.net\/index.php\/terapia-intensiva-al-perrino-le-critiche-di-forza-italia-e-fratelli-ditalia\/","title":{"rendered":"Terapia intensiva al Perrino: le critiche di Forza Italia e Fratelli d&#8217;Italia"},"content":{"rendered":"<p>Il Presidente della Regione Puglia Emiliano la smetta di fare campagna elettorale sulla pelle dei brindisini. Oggi, in occasione dell\u2019inaugurazione dei containers che ospitano la nuova terapia intensiva dell\u2019ospedale Perrino (annunciata il 17 marzo. Altro che 20 giorni\u2026), il Governatore ha pensato bene di far passare come un miracolo l\u2019allestimento di questa struttura precaria. Ha omesso di dire ai brindisini che c\u2019\u00e8 voluta la pi\u00f9 importante pandemia degli ultimi 50 anni perch\u00e9 qualcuno si ricordasse che la gente di questa provincia ha gli stessi diritti di tutti gli altri pugliesi e quindi era inammissibile che ci fossero meno posti di terapia intensiva rispetto a tutte le altre province pugliesi.<\/p>\n<p>Quei containers incredibilmente fotografano perfettamente il fallimento della gestione della sanit\u00e0 pugliese di Emiliano. Ha svuotato e disattivato ospedali strategici come quelli esistenti in provincia di Brindisi per poi ripiegare su delle scatole di ferro dove hanno creato nuovi posti salva-vita, in fretta e furia per affrontare la lotta al coronavirus.<\/p>\n<p>E non \u00e8 tutto! Apprendiamo che non \u00e8 stato consentito l\u2019ingresso alla stampa e poi abbiamo anche capito il perch\u00e9: in quelle 14 stanze mancano ancora diverse attrezzature e manca il personale e quindi \u00e8 stata solo una messa in scena di chiaro stampo elettorale.<\/p>\n<p>Il tutto, con la complicit\u00e0 del direttore generale dell\u2019Asl Pasqualone e dell\u2019immancabile sindaco Rossi, il quale oggi ha finalmente trovato qualcosa da fare: andare a consegnare le torte che hanno fatto i docenti dell\u2019Alberghiero per il personale sanitario e sfruttare la scena della nuova terapia intensiva per completare questa grande presa in giro per brindisini. Complimenti anche a lui!<\/p>\n<p>Cosi Laura De Mola \u2013 coordinatrice provinciale di Forza Italia &#8211; e Livia Antonucci \u2013 coordinatrice cittadina di Forza Italia.<\/p>\n<p>&nbsp;<\/p>\n<p>&nbsp;<br \/>\nPer i consiglieri regionali di Fratelli d\u2019Italia Erio Congedo, Giannicola De Leonardis, Luigi Manca, Renato Perrini, Francesco Ventola e Ignazio Zullo \u201cSembra di essere tornati indietro nel tempo, alle inaugurazioni in pompa magna con a seguito una comunicazione di regime. Niente stampa, neppure rispettando le misure di sicurezza, per l\u2019inaugurazione di questa mattina all\u2019Ospedale Perrino di Brindisi, al contrario di quanto accaduto nei mesi scorsi per le ben tre diverse inaugurazioni del Dea di Lecce (non ancora completo ma operativo).<br \/>\nUn penoso trionfalismo ed una passerella da parte di chi \u00e8 responsabile di aver fatto diventare la provincia di Brindisi fra le province pugliesi fra le pi\u00f9 colpite dal Covid. Ci si autocelebra per aver inaugurato oggi, 24 aprile a distanza di 2 mesi dal primo caso pugliese (quello di Torricella), 28 posti letto di terapia intensiva, mentre gli 8 posti di Francavilla Fontana previsti dal Piano di Riordino da anni non sono mai stati attivati, scegliendo, invece, di individuare come struttura ospedaliera COVID proprio il Perrino. Una scelta scellerata che ha portato i pazienti Covid a non avere un percorso distinto e quindi a infettare altri reparti che sono rimasti chiusi. Due mesi nei quali si sono utilizzati per malati Covid e non Covid gli stessi ascensori e spazi comuni, stesso discorso per il personale mai realmente separati tra i vari reparti.<br \/>\nOggi si inaugura una struttura che, come testimonia il video dello stesso sindaco di Brindisi, presenta alcune aree del reparto ancora in fase di completamento. Non \u00e8 dato sapere se ci siano i respiratori sufficienti e personale adeguato per sostenere la degenza di 28 posti letto. E anche su questo numero andrebbe fatta una riflessione: attualmente ricoverati in terapia intensiva sono solo 3, mentre all\u2019ospedale di Francavilla Fontana &#8211; che l\u2019Asl ha scelto come ospedale no-Covid \u2013 non ci sono pi\u00f9 posti letto e a quello di Ostuni &#8211; dapprima individuato come secondo ospedale Covid e poi no perch\u00e9 si \u00e8 cambiato idea in corsa &#8211; anche reparti che funzionavano benissimo come quello di ortopedia sono, pare, stati chiusi per lavori di manutenzione.<br \/>\nAlla lista delle inadempienze e delle responsabilit\u00e0 gravi vanno aggiunte la RSA: l\u2019epidemia al \u2018Il Focolare\u2019 di Brindisi, ci risulta, sarebbe stata causata da una paziente rientrato dal Perrino (senza tampone).<br \/>\nInsomma, la gestione dell\u2019emergenza Covid a Brindisi \u00e8 stata disastrosa\u2026 e i brindisini non meritano l\u2019indegno spettacolo di chi sulla loro pelle fa addirittura passerelle elettorali come se nulla fosse successo! Una vergogna<br \/>\n&nbsp;<\/p>\n","protected":false},"excerpt":{"rendered":"<p>Il Presidente della Regione Puglia Emiliano la smetta di fare campagna elettorale sulla pelle dei brindisini. Oggi, in occasione dell\u2019inaugurazione dei containers che ospitano la nuova terapia intensiva dell\u2019ospedale Perrino (annunciata il 17 marzo. Altro che 20 giorni\u2026), il Governatore ha pensato bene di far passare come un miracolo l\u2019allestimento di questa struttura precaria. Ha omesso di dire ai brindisini che c\u2019\u00e8 voluta la pi\u00f9 importante pandemia degli ultimi 50 anni perch\u00e9 qualcuno si ricordasse che la gente di questa provincia ha gli stessi diritti di tutti gli altri pugliesi e quindi era inammissibile che ci fossero meno posti di terapia intensiva rispetto a tutte le altre province pugliesi. Quei containers incredibilmente fotografano perfettamente il fallimento della gestione della sanit\u00e0 pugliese di Emiliano. Ha svuotato e disattivato ospedali strategici come quelli esistenti in provincia di Brindisi per poi ripiegare su delle scatole di ferro dove hanno creato nuovi posti salva-vita, in fretta e furia per affrontare la lotta al coronavirus. E non \u00e8 tutto! Apprendiamo che non \u00e8 stato consentito&#8230;<\/p>\n","protected":false},"author":2,"featured_media":171595,"comment_status":"open","ping_status":"closed","sticky":false,"template":"","format":"standard","meta":{"footnotes":""},"categories":[7],"tags":[],"class_list":["post-171635","post","type-post","status-publish","format-standard","has-post-thumbnail","hentry","category-news"],"_links":{"self":[{"href":"https:\/\/www.brundisium.net\/index.php\/wp-json\/wp\/v2\/posts\/171635","targetHints":{"allow":["GET"]}}],"collection":[{"href":"https:\/\/www.brundisium.net\/index.php\/wp-json\/wp\/v2\/posts"}],"about":[{"href":"https:\/\/www.brundisium.net\/index.php\/wp-json\/wp\/v2\/types\/post"}],"author":[{"embeddable":true,"href":"https:\/\/www.brundisium.net\/index.php\/wp-json\/wp\/v2\/users\/2"}],"replies":[{"embeddable":true,"href":"https:\/\/www.brundisium.net\/index.php\/wp-json\/wp\/v2\/comments?post=171635"}],"version-history":[{"count":1,"href":"https:\/\/www.brundisium.net\/index.php\/wp-json\/wp\/v2\/posts\/171635\/revisions"}],"predecessor-version":[{"id":171642,"href":"https:\/\/www.brundisium.net\/index.php\/wp-json\/wp\/v2\/posts\/171635\/revisions\/171642"}],"wp:featuredmedia":[{"embeddable":true,"href":"https:\/\/www.brundisium.net\/index.php\/wp-json\/wp\/v2\/media\/171595"}],"wp:attachment":[{"href":"https:\/\/www.brundisium.net\/index.php\/wp-json\/wp\/v2\/media?parent=171635"}],"wp:term":[{"taxonomy":"category","embeddable":true,"href":"https:\/\/www.brundisium.net\/index.php\/wp-json\/wp\/v2\/categories?post=171635"},{"taxonomy":"post_tag","embeddable":true,"href":"https:\/\/www.brundisium.net\/index.php\/wp-json\/wp\/v2\/tags?post=171635"}],"curies":[{"name":"wp","href":"https:\/\/api.w.org\/{rel}","templated":true}]}}