{"id":171649,"date":"2020-04-25T15:01:00","date_gmt":"2020-04-25T13:01:00","guid":{"rendered":"http:\/\/www.brundisium.net\/?p=171649"},"modified":"2020-04-25T15:01:00","modified_gmt":"2020-04-25T13:01:00","slug":"25-aprile-lettera-del-sindaco-matarrelli-alla-citta-di-mesagne","status":"publish","type":"post","link":"https:\/\/www.brundisium.net\/index.php\/25-aprile-lettera-del-sindaco-matarrelli-alla-citta-di-mesagne\/","title":{"rendered":"25 Aprile: lettera del sindaco Matarrelli alla citt\u00e0 di Mesagne"},"content":{"rendered":"<p>Carissimi concittadini,<br \/>\nla celebrazione del 75\u00b0 anniversario del 25 Aprile sar\u00e0 celebrata anche nella nostra citt\u00e0 in modo diverso. La nota a firma del Prefetto di Brindisi richiama la necessaria discontinuit\u00e0 con gli anni precedenti, rimandando alle restrizioni legate all\u2019emergenza sanitaria: non ci saranno cerimonie che ci impegneranno di persona, n\u00e9 momenti di incontro per riflettere insieme sui principi che fondarono la Democrazia del Paese.<br \/>\nProprio il tema della libert\u00e0 &#8211; cos\u00ec legato al valore pi\u00f9 importante della ricorrenza che onoriamo \u2013 oggi sembra assumere un significato nuovo, sconosciuto alla nostre abitudini solo fino a poche settimane fa, inedito rispetto al nostro modo di intendere la storie individuali e quelle della comunit\u00e0 in cui viviamo. Il nostro pensiero \u00e8 cos\u00ec assorbito da ci\u00f2 che in questo momento di emergenza sanitaria manca \u2013 relazioni, possibilit\u00e0 di spostamento, certezze del futuro \u2013 che potrebbe subentrare la tentazione di distrarsi dall\u2019importanza che questa data deve continuare ad assumere. Come ha ricordato Papa Francesco poche settimane fa, nessuno si salva da solo: uniti si superano le prove pi\u00f9 difficili, come i mesagnesi stanno facendo in questa battaglia inaspettata che il contrasto alla diffusione del Coronavirus impone.<br \/>\nIl doveroso pensiero rivolto alla storia ci rammenta quanto insegnamento si pu\u00f2 trarre per il presente guardando alle gesta di sacrificio di coloro che rischiarono e persero la vita per costruire orizzonti di coraggio e benessere: furono i giovani, soprattutto, a combattere per liberare l\u2019Italia dalle barbarie della dittatura, per contrapporre la forza delle coscienze critiche alla dannosa disarmonia delle violenze e degli estremismi. A proposito di giovani generazioni, sto seguendo con attenzione il contributo che gli insegnanti e gli studenti della nostra citt\u00e0 hanno prodotto in occasione di questa data, commentando con produzioni originali il patrimonio ideale che emana dalla Costituzione e lo interpreta.<br \/>\nIl 25 aprile 1945 fu una data di passaggio: la conquista della libert\u00e0 dopo l\u2019orrore della guerra, l\u2019intenso bisogno di democrazia dopo l\u2019oscurit\u00e0 del periodo nazifascista. Per garantire quel passaggio la lotta di Liberazione e il movimento di Resistenza furono decisivi.<br \/>\nAdesso pi\u00f9 che mai la festa di Liberazione \u00e8 la festa di tutti gli Italiani. Confidando in una nuova, imminente liberazione dalla pandemia, vi invito a festeggiare questa festa da casa, utilizzando tutti gli strumenti che il periodo consente, perch\u00e9 insieme, vicini e solidali, ce la faremo. Viva il 25 aprile, viva la libert\u00e0!<\/p>\n","protected":false},"excerpt":{"rendered":"<p>Carissimi concittadini, la celebrazione del 75\u00b0 anniversario del 25 Aprile sar\u00e0 celebrata anche nella nostra citt\u00e0 in modo diverso. La nota a firma del Prefetto di Brindisi richiama la necessaria discontinuit\u00e0 con gli anni precedenti, rimandando alle restrizioni legate all\u2019emergenza sanitaria: non ci saranno cerimonie che ci impegneranno di persona, n\u00e9 momenti di incontro per riflettere insieme sui principi che fondarono la Democrazia del Paese. Proprio il tema della libert\u00e0 &#8211; cos\u00ec legato al valore pi\u00f9 importante della ricorrenza che onoriamo \u2013 oggi sembra assumere un significato nuovo, sconosciuto alla nostre abitudini solo fino a poche settimane fa, inedito rispetto al nostro modo di intendere la storie individuali e quelle della comunit\u00e0 in cui viviamo. Il nostro pensiero \u00e8 cos\u00ec assorbito da ci\u00f2 che in questo momento di emergenza sanitaria manca \u2013 relazioni, possibilit\u00e0 di spostamento, certezze del futuro \u2013 che potrebbe subentrare la tentazione di distrarsi dall\u2019importanza che questa data deve continuare ad assumere. Come ha ricordato Papa Francesco poche settimane fa, nessuno si salva da solo: uniti si&#8230;<\/p>\n","protected":false},"author":2,"featured_media":167510,"comment_status":"open","ping_status":"closed","sticky":false,"template":"","format":"standard","meta":{"footnotes":""},"categories":[7],"tags":[],"class_list":["post-171649","post","type-post","status-publish","format-standard","has-post-thumbnail","hentry","category-news"],"_links":{"self":[{"href":"https:\/\/www.brundisium.net\/index.php\/wp-json\/wp\/v2\/posts\/171649","targetHints":{"allow":["GET"]}}],"collection":[{"href":"https:\/\/www.brundisium.net\/index.php\/wp-json\/wp\/v2\/posts"}],"about":[{"href":"https:\/\/www.brundisium.net\/index.php\/wp-json\/wp\/v2\/types\/post"}],"author":[{"embeddable":true,"href":"https:\/\/www.brundisium.net\/index.php\/wp-json\/wp\/v2\/users\/2"}],"replies":[{"embeddable":true,"href":"https:\/\/www.brundisium.net\/index.php\/wp-json\/wp\/v2\/comments?post=171649"}],"version-history":[{"count":1,"href":"https:\/\/www.brundisium.net\/index.php\/wp-json\/wp\/v2\/posts\/171649\/revisions"}],"predecessor-version":[{"id":171651,"href":"https:\/\/www.brundisium.net\/index.php\/wp-json\/wp\/v2\/posts\/171649\/revisions\/171651"}],"wp:featuredmedia":[{"embeddable":true,"href":"https:\/\/www.brundisium.net\/index.php\/wp-json\/wp\/v2\/media\/167510"}],"wp:attachment":[{"href":"https:\/\/www.brundisium.net\/index.php\/wp-json\/wp\/v2\/media?parent=171649"}],"wp:term":[{"taxonomy":"category","embeddable":true,"href":"https:\/\/www.brundisium.net\/index.php\/wp-json\/wp\/v2\/categories?post=171649"},{"taxonomy":"post_tag","embeddable":true,"href":"https:\/\/www.brundisium.net\/index.php\/wp-json\/wp\/v2\/tags?post=171649"}],"curies":[{"name":"wp","href":"https:\/\/api.w.org\/{rel}","templated":true}]}}