{"id":171712,"date":"2020-04-27T15:15:26","date_gmt":"2020-04-27T13:15:26","guid":{"rendered":"http:\/\/www.brundisium.net\/?p=171712"},"modified":"2020-04-27T15:15:26","modified_gmt":"2020-04-27T13:15:26","slug":"ospedale-ostuni-amati-cominciati-i-lavori-di-ristrutturazione-dei-reparti","status":"publish","type":"post","link":"https:\/\/www.brundisium.net\/index.php\/ospedale-ostuni-amati-cominciati-i-lavori-di-ristrutturazione-dei-reparti\/","title":{"rendered":"Ospedale Ostuni, Amati: \u201cCominciati i lavori di ristrutturazione dei reparti\u201d"},"content":{"rendered":"<p> \u201cCome da programma, sono iniziati oggi i lavori di ristrutturazione dei reparti di chirurgia e ortopedia dell\u2019ospedale di Ostuni. Per raccontare i fatti servono sempre poche parole, per polemizzare l\u2019intero vocabolario e senza risultati. Come sempre\u201d.<\/p>\n<p>Lo comunica il Consigliere regionale Fabiano Amati, Presidente della Commissione regionale bilancio.<\/p>\n<p>\u201cStamattina ho ripetuto un sopralluogo presso la struttura ospedaliera per verificare il primo adempimento agli impegni assunti la scorsa settimana, cio\u00e8 la conclusione dei lavori per il 31 maggio del reparto di chirurgia e il 31 luglio per quello di ortopedia. Ne deriva che gi\u00e0 dal 1\u00b0 giugno sar\u00e0 riattivata l\u2019attivit\u00e0 dei servizi, in coabitazione, presso il reparto di chirurgia, per poi tornare alla condizione di normalit\u00e0 il 1\u00b0 agosto. Ho potuto constatare con piacere \u2013 prosegue Amati \u2013 la collaborazione della direzione sanitaria di presidio e di tutto il personale sanitario e ausiliario dei reparti interessati, finalizzata ad agevolare la realizzazione dei lavori nei tempi prefissati\u201d.<\/p>\n<p>\u201cM\u2019interessa sottolineare che la decisione di procedere alla ristrutturazione contemporanea dei due reparti consegue alla decisione regionale di sospendere tutti gli interventi d\u2019elezione (non urgenti) a causa della pandemia; circostanza questa che ha interessato tutti gli ospedali pugliesi e non solo quello ostunese. \u00c8 dunque proprio la sospensione delle attivit\u00e0 non urgenti che potr\u00e0 garantire una tempistica accelerata. Nell\u2019esercizio delle mie prerogative \u2013 conclude \u2013 sar\u00f2 costante, come faccio di solito, nelle attivit\u00e0 di collaborazione e controllo per il rispetto della tempistica, nell\u2019ovvio rispetto delle norme di sicurezza\u201d. \/comunicato<\/p>\n","protected":false},"excerpt":{"rendered":"<p>\u201cCome da programma, sono iniziati oggi i lavori di ristrutturazione dei reparti di chirurgia e ortopedia dell\u2019ospedale di Ostuni. Per raccontare i fatti servono sempre poche parole, per polemizzare l\u2019intero vocabolario e senza risultati. Come sempre\u201d. Lo comunica il Consigliere regionale Fabiano Amati, Presidente della Commissione regionale bilancio. \u201cStamattina ho ripetuto un sopralluogo presso la struttura ospedaliera per verificare il primo adempimento agli impegni assunti la scorsa settimana, cio\u00e8 la conclusione dei lavori per il 31 maggio del reparto di chirurgia e il 31 luglio per quello di ortopedia. Ne deriva che gi\u00e0 dal 1\u00b0 giugno sar\u00e0 riattivata l\u2019attivit\u00e0 dei servizi, in coabitazione, presso il reparto di chirurgia, per poi tornare alla condizione di normalit\u00e0 il 1\u00b0 agosto. Ho potuto constatare con piacere \u2013 prosegue Amati \u2013 la collaborazione della direzione sanitaria di presidio e di tutto il personale sanitario e ausiliario dei reparti interessati, finalizzata ad agevolare la realizzazione dei lavori nei tempi prefissati\u201d. \u201cM\u2019interessa sottolineare che la decisione di procedere alla ristrutturazione contemporanea dei due reparti consegue alla&#8230;<\/p>\n","protected":false},"author":2,"featured_media":171561,"comment_status":"open","ping_status":"closed","sticky":false,"template":"","format":"standard","meta":{"footnotes":""},"categories":[7],"tags":[],"class_list":["post-171712","post","type-post","status-publish","format-standard","has-post-thumbnail","hentry","category-news"],"_links":{"self":[{"href":"https:\/\/www.brundisium.net\/index.php\/wp-json\/wp\/v2\/posts\/171712","targetHints":{"allow":["GET"]}}],"collection":[{"href":"https:\/\/www.brundisium.net\/index.php\/wp-json\/wp\/v2\/posts"}],"about":[{"href":"https:\/\/www.brundisium.net\/index.php\/wp-json\/wp\/v2\/types\/post"}],"author":[{"embeddable":true,"href":"https:\/\/www.brundisium.net\/index.php\/wp-json\/wp\/v2\/users\/2"}],"replies":[{"embeddable":true,"href":"https:\/\/www.brundisium.net\/index.php\/wp-json\/wp\/v2\/comments?post=171712"}],"version-history":[{"count":1,"href":"https:\/\/www.brundisium.net\/index.php\/wp-json\/wp\/v2\/posts\/171712\/revisions"}],"predecessor-version":[{"id":171713,"href":"https:\/\/www.brundisium.net\/index.php\/wp-json\/wp\/v2\/posts\/171712\/revisions\/171713"}],"wp:featuredmedia":[{"embeddable":true,"href":"https:\/\/www.brundisium.net\/index.php\/wp-json\/wp\/v2\/media\/171561"}],"wp:attachment":[{"href":"https:\/\/www.brundisium.net\/index.php\/wp-json\/wp\/v2\/media?parent=171712"}],"wp:term":[{"taxonomy":"category","embeddable":true,"href":"https:\/\/www.brundisium.net\/index.php\/wp-json\/wp\/v2\/categories?post=171712"},{"taxonomy":"post_tag","embeddable":true,"href":"https:\/\/www.brundisium.net\/index.php\/wp-json\/wp\/v2\/tags?post=171712"}],"curies":[{"name":"wp","href":"https:\/\/api.w.org\/{rel}","templated":true}]}}