{"id":171755,"date":"2020-04-28T16:06:16","date_gmt":"2020-04-28T14:06:16","guid":{"rendered":"http:\/\/www.brundisium.net\/?p=171755"},"modified":"2020-04-28T16:06:16","modified_gmt":"2020-04-28T14:06:16","slug":"francavilla-verso-la-definizione-del-progetto-per-il-recupero-della-piazza-coperta","status":"publish","type":"post","link":"https:\/\/www.brundisium.net\/index.php\/francavilla-verso-la-definizione-del-progetto-per-il-recupero-della-piazza-coperta\/","title":{"rendered":"Francavilla: verso la definizione del progetto per il recupero della Piazza Coperta"},"content":{"rendered":"<p>Prosegue il lavoro per il recupero dell\u2019ex mercato coperto di Francavilla Fontana.<\/p>\n<p>Luned\u00ec 27 aprile si \u00e8 svolto un incontro tra l\u2019Amministrazione Comunale, rappresentata dal Sindaco Antonello Denuzzo, il dirigente dell\u2019Ufficio Tecnico comunale Luigi Resta, autore del progetto di restauro, il Geom. Vincenzo Cavallo, Responsabile unico del procedimento e l\u2019Ing. Laura Tonti dello Studio di ingegneria che si occupa del supporto specialistico alla progettazione.<\/p>\n<p>La piazza coperta, che nel recente passato \u00e8 stata il centro della vita commerciale della Citt\u00e0, rappresenta un bene storico &#8211; architettonico di grande interesse. L\u2019edificio, risalente ai primi anni del \u2018900, \u00e8 stato costruito su un antico frantoio ipogeo che si presenta tuttora in ottimo stato e sui resti della Chiesa della Misericordia.<\/p>\n<p>Il complesso costituito da questo frantoio e dal foggiaro di Piazza Umberto I costituisce una delle pi\u00f9 importanti testimonianze del meridione di quella che Rosario Iurlaro ha definito \u201carcheologia industriale\u201d.<\/p>\n<p>Il recupero della struttura e la valorizzazione dei suoi tesori nascosti sono due obiettivi primari che dovranno coesistere nel progetto definitivo che sar\u00e0 sottoposto alla Soprintendenza.<\/p>\n<p>L\u2019ipotesi, discussa nella riunione di luned\u00ec, prevede di riportare l\u2019immobile al suo stato originario procedendo al recupero delle mura perimetrali e delle strade esterne laterali. Il tutto nel rispetto delle pi\u00f9 recenti normative antisismiche e di risparmio energetico.<\/p>\n<p>\u201cLa piazza coperta rappresenta da tempo una cicatrice al centro della Citt\u00e0 \u2013 dichiara il Sindaco e Assessore ai Lavori Pubblici Antonello Denuzzo \u2013 recuperare e valorizzare questo immobile, restituendolo alla comunit\u00e0, \u00e8 un obiettivo ambizioso che pu\u00f2 produrre effetti positivi anche per l\u2019economia locale.\u201d<\/p>\n<p>L\u2019Amministrazione Denuzzo \u00e8 al lavoro per restituire all\u2019ex mercato coperto la sua storica centralit\u00e0 anche nello scenario economico contemporaneo.<\/p>\n<p>Lo scorso dicembre l\u2019immobile \u00e8 stato posto al centro del progetto \u201cPast for future\u201d candidato dalla Giunta di Francavilla Fontana, quale Ente capofila di un raggruppamento di comuni composto anche da San Vito dei Normanni, Ostuni e Grottaglie, al bando europeo UIA. Nell\u2019ex mercato coperto, secondo il progetto ideato su iniziativa degli Assessorati alle Politiche Comunitarie e alle Attivit\u00e0 produttive, si dovr\u00e0 insediare un hub, un contenitore di conoscenze, competenze e nuove professionalit\u00e0 al servizio delle imprese. Simbolicamente l\u2019ex mercato si trasformer\u00e0 nel trampolino per esportare i prodotti locali in giro per il mondo.<\/p>\n<p>&#8220;Il bando Urban Innovative Actions \u00e8 la dimostrazione di come l&#8217;Unione Europea possa essere una preziosa opportunit\u00e0 per tutti &#8211; dichiara l&#8217;Assessore alle Politiche Comunitarie Nicola Lonoce &#8211; Il finanziamento di questo progetto, presentato con l&#8217;Assessore Domenico Magliola, avrebbe un effetto dirompente sulla Citt\u00e0 e sul territorio perch\u00e8, oltre a restituire la vocazione originaria alla ex Piazza Coperta, avrebbe importanti ricadute in termini occupazionali.&#8221;<\/p>\n<p>&nbsp;<\/p>\n<p>&nbsp;<\/p>\n<p>Francavilla Fontana<\/p>\n","protected":false},"excerpt":{"rendered":"<p>Prosegue il lavoro per il recupero dell\u2019ex mercato coperto di Francavilla Fontana. Luned\u00ec 27 aprile si \u00e8 svolto un incontro tra l\u2019Amministrazione Comunale, rappresentata dal Sindaco Antonello Denuzzo, il dirigente dell\u2019Ufficio Tecnico comunale Luigi Resta, autore del progetto di restauro, il Geom. Vincenzo Cavallo, Responsabile unico del procedimento e l\u2019Ing. Laura Tonti dello Studio di ingegneria che si occupa del supporto specialistico alla progettazione. La piazza coperta, che nel recente passato \u00e8 stata il centro della vita commerciale della Citt\u00e0, rappresenta un bene storico &#8211; architettonico di grande interesse. L\u2019edificio, risalente ai primi anni del \u2018900, \u00e8 stato costruito su un antico frantoio ipogeo che si presenta tuttora in ottimo stato e sui resti della Chiesa della Misericordia. Il complesso costituito da questo frantoio e dal foggiaro di Piazza Umberto I costituisce una delle pi\u00f9 importanti testimonianze del meridione di quella che Rosario Iurlaro ha definito \u201carcheologia industriale\u201d. Il recupero della struttura e la valorizzazione dei suoi tesori nascosti sono due obiettivi primari che dovranno coesistere nel progetto definitivo che&#8230;<\/p>\n","protected":false},"author":2,"featured_media":171758,"comment_status":"open","ping_status":"closed","sticky":false,"template":"","format":"standard","meta":{"footnotes":""},"categories":[7],"tags":[],"class_list":["post-171755","post","type-post","status-publish","format-standard","has-post-thumbnail","hentry","category-news"],"_links":{"self":[{"href":"https:\/\/www.brundisium.net\/index.php\/wp-json\/wp\/v2\/posts\/171755","targetHints":{"allow":["GET"]}}],"collection":[{"href":"https:\/\/www.brundisium.net\/index.php\/wp-json\/wp\/v2\/posts"}],"about":[{"href":"https:\/\/www.brundisium.net\/index.php\/wp-json\/wp\/v2\/types\/post"}],"author":[{"embeddable":true,"href":"https:\/\/www.brundisium.net\/index.php\/wp-json\/wp\/v2\/users\/2"}],"replies":[{"embeddable":true,"href":"https:\/\/www.brundisium.net\/index.php\/wp-json\/wp\/v2\/comments?post=171755"}],"version-history":[{"count":1,"href":"https:\/\/www.brundisium.net\/index.php\/wp-json\/wp\/v2\/posts\/171755\/revisions"}],"predecessor-version":[{"id":171759,"href":"https:\/\/www.brundisium.net\/index.php\/wp-json\/wp\/v2\/posts\/171755\/revisions\/171759"}],"wp:featuredmedia":[{"embeddable":true,"href":"https:\/\/www.brundisium.net\/index.php\/wp-json\/wp\/v2\/media\/171758"}],"wp:attachment":[{"href":"https:\/\/www.brundisium.net\/index.php\/wp-json\/wp\/v2\/media?parent=171755"}],"wp:term":[{"taxonomy":"category","embeddable":true,"href":"https:\/\/www.brundisium.net\/index.php\/wp-json\/wp\/v2\/categories?post=171755"},{"taxonomy":"post_tag","embeddable":true,"href":"https:\/\/www.brundisium.net\/index.php\/wp-json\/wp\/v2\/tags?post=171755"}],"curies":[{"name":"wp","href":"https:\/\/api.w.org\/{rel}","templated":true}]}}