{"id":172289,"date":"2020-05-11T21:00:37","date_gmt":"2020-05-11T19:00:37","guid":{"rendered":"http:\/\/www.brundisium.net\/?p=172289"},"modified":"2020-05-11T21:00:37","modified_gmt":"2020-05-11T19:00:37","slug":"rinviata-la-xxxv-edizione-della-brindisi-corfu","status":"publish","type":"post","link":"https:\/\/www.brundisium.net\/index.php\/rinviata-la-xxxv-edizione-della-brindisi-corfu\/","title":{"rendered":"Rinviata la XXXV edizione della Brindisi-Corf\u00f9"},"content":{"rendered":"<p>Cos\u00ec come gi\u00e0 avvenuto per la quasi totalit\u00e0 delle regate off-shore programmate per i prossimi mesi e per molti eventi sportivi internazionali  di rilievo, la 35\u00b0 edizione della Regata Internazionale Brindisi-Corf\u00f9, verr\u00e0 rinviata all\u2019anno venturo, a Giugno 2021.<\/p>\n<p>\u201c\u00c8 stata una decisione &#8211; per quanto presa a malincuore &#8211; a cui non ci potevamo sottrarre\u201d ha affermato Fabrizio Maltinti, Presidente del circolo organizzatore della regata, il Circolo della Vela Brindisi.<\/p>\n<p>Una scelta concordata con i colleghi greci del Marina Gouvia Sailing Club ed a seguito di un consulto con i vertici della Federazione Italiana Vela.<\/p>\n<p>\u201cUna decisione che fa male, ma che non aveva alternative, alla luce delle disposizioni prese dal Governo e delle direttive del CONI che, di fatto avrebbero impedito la realizzazione dell\u2019evento nei tempi programmati\u201d, aggiunge Maltinti, \u201cavremmo potuto decidere di posticiparla a fine agosto od a settembre, ma ci\u00f2 avrebbe snaturato lo spirito della regata che \u00e8 sempre stato quello di marcare l\u2019inizio delle vacanze estive. Per questo motivo si \u00e8 rinviato tutto all\u2019anno prossimo\u201d.<\/p>\n<p>Possiamo, tuttavia, anticipare che il Circolo della Vela Brindisi si sta attivando per organizzare, quando le future direttive sul distanziamento sociale lo consentiranno, una regata tutta \u201cSalentina\u201d &#8211; la \u201cRegata dei Due Mari\u201d &#8211; una regata che coinvolga i velisti ed i Circoli pugliesi e che rappresenti un modo per marcare il \u201critorno alla vita\u201d dello sport della vela in Puglia.<\/p>\n","protected":false},"excerpt":{"rendered":"<p>Cos\u00ec come gi\u00e0 avvenuto per la quasi totalit\u00e0 delle regate off-shore programmate per i prossimi mesi e per molti eventi sportivi internazionali di rilievo, la 35\u00b0 edizione della Regata Internazionale Brindisi-Corf\u00f9, verr\u00e0 rinviata all\u2019anno venturo, a Giugno 2021. \u201c\u00c8 stata una decisione &#8211; per quanto presa a malincuore &#8211; a cui non ci potevamo sottrarre\u201d ha affermato Fabrizio Maltinti, Presidente del circolo organizzatore della regata, il Circolo della Vela Brindisi. Una scelta concordata con i colleghi greci del Marina Gouvia Sailing Club ed a seguito di un consulto con i vertici della Federazione Italiana Vela. \u201cUna decisione che fa male, ma che non aveva alternative, alla luce delle disposizioni prese dal Governo e delle direttive del CONI che, di fatto avrebbero impedito la realizzazione dell\u2019evento nei tempi programmati\u201d, aggiunge Maltinti, \u201cavremmo potuto decidere di posticiparla a fine agosto od a settembre, ma ci\u00f2 avrebbe snaturato lo spirito della regata che \u00e8 sempre stato quello di marcare l\u2019inizio delle vacanze estive. Per questo motivo si \u00e8 rinviato tutto all\u2019anno prossimo\u201d. Possiamo,&#8230;<\/p>\n","protected":false},"author":2,"featured_media":172292,"comment_status":"open","ping_status":"closed","sticky":false,"template":"","format":"standard","meta":{"footnotes":""},"categories":[1232],"tags":[],"class_list":["post-172289","post","type-post","status-publish","format-standard","has-post-thumbnail","hentry","category-vela"],"_links":{"self":[{"href":"https:\/\/www.brundisium.net\/index.php\/wp-json\/wp\/v2\/posts\/172289","targetHints":{"allow":["GET"]}}],"collection":[{"href":"https:\/\/www.brundisium.net\/index.php\/wp-json\/wp\/v2\/posts"}],"about":[{"href":"https:\/\/www.brundisium.net\/index.php\/wp-json\/wp\/v2\/types\/post"}],"author":[{"embeddable":true,"href":"https:\/\/www.brundisium.net\/index.php\/wp-json\/wp\/v2\/users\/2"}],"replies":[{"embeddable":true,"href":"https:\/\/www.brundisium.net\/index.php\/wp-json\/wp\/v2\/comments?post=172289"}],"version-history":[{"count":1,"href":"https:\/\/www.brundisium.net\/index.php\/wp-json\/wp\/v2\/posts\/172289\/revisions"}],"predecessor-version":[{"id":172293,"href":"https:\/\/www.brundisium.net\/index.php\/wp-json\/wp\/v2\/posts\/172289\/revisions\/172293"}],"wp:featuredmedia":[{"embeddable":true,"href":"https:\/\/www.brundisium.net\/index.php\/wp-json\/wp\/v2\/media\/172292"}],"wp:attachment":[{"href":"https:\/\/www.brundisium.net\/index.php\/wp-json\/wp\/v2\/media?parent=172289"}],"wp:term":[{"taxonomy":"category","embeddable":true,"href":"https:\/\/www.brundisium.net\/index.php\/wp-json\/wp\/v2\/categories?post=172289"},{"taxonomy":"post_tag","embeddable":true,"href":"https:\/\/www.brundisium.net\/index.php\/wp-json\/wp\/v2\/tags?post=172289"}],"curies":[{"name":"wp","href":"https:\/\/api.w.org\/{rel}","templated":true}]}}