{"id":172322,"date":"2020-05-12T12:24:14","date_gmt":"2020-05-12T10:24:14","guid":{"rendered":"http:\/\/www.brundisium.net\/?p=172322"},"modified":"2020-05-12T18:26:52","modified_gmt":"2020-05-12T16:26:52","slug":"aresta-m5s-sul-futuro-dellospedale-de-lellis-e-su-dichiarazione-del-sindaco-matarrelli","status":"publish","type":"post","link":"https:\/\/www.brundisium.net\/index.php\/aresta-m5s-sul-futuro-dellospedale-de-lellis-e-su-dichiarazione-del-sindaco-matarrelli\/","title":{"rendered":"Aresta (M5S) sul futuro dell&#8217;Ospedale De Lellis e su dichiarazione del Sindaco Matarrelli"},"content":{"rendered":"<p>\u201cIl \u201cSan Camillo de Lellis\u201d di Mesagne, declassato negli anni scorsi a semplice presidio territoriale di assistenza, ha dimostrato non solo la sua utilit\u00e0 in piena emergenza Covid-19, ma ha smentito con chiarezza la tesi dei sostenitori dei tagli alla sanit\u00e0 pubblica che hanno dettato le politiche sanitarie nel decennio scorso. Con il San Camillo de Lellis anche gli altri ospedali della nostra provincia \u2013 quelli di Fasano, Cisternino e Ceglie Messapica \u2013 si sono dimostrati fondamentali per dare una risposta alla nostra Comunit\u00e0 in questa emergenza e dovranno diventare una presenza stabile del sistema sanitario del brindisino.<\/p>\n<p>&nbsp;<\/p>\n<p>Occorre fare tesoro di questa esperienza perch\u00e9 non solo il Covid-19 non \u00e8 ancora stato debellato, ma perch\u00e9 solo gli investimenti sulla medicina di territorio possono attivare quella prevenzione necessaria per garantire modelli di salute elevati.<\/p>\n<p>&nbsp;<\/p>\n<p>Con il \u201cCura Italia\u201d abbiamo messo a disposizione importanti risorse per il sistema sanitario nazionale e per superare le deficienze causate da una incauta politica ragionieristica che ha ispirato tagli alla sanit\u00e0 pubblica sovente accompagnati anche a trasferimenti di risorse verso quella privata. Quelle politiche, che abbiamo sempre contestato come miopi e incapaci di garantire il diritto costituzionale alla salute, devono ora essere mandate in soffitta.\u201d \u00c8 quanto si legge, in una nota diffusa alla stampa, dal deputato del M5S Giovanni Luca Aresta.<\/p>\n<p>&nbsp;<\/p>\n<p>\u201cLa lotta contro il Covid-19 non \u00e8 conclusa \u2013 prosegue Aresta \u2013 si sposta ancora di pi\u00f9 nel territorio per frenare i contagi, individuare per tempo gli ammalati compresi gli asintomatici e impedire che il virus sia \u201cimportato\u201d da fuori. Avere un sistema ospedaliero territoriale decentrato ed efficiente \u00e8 una condizione fondamentale per accogliere, in ragionevole sicurezza, migliaia di turisti consentendo di dare un poco di ossigeno alla nostra economia e alle nostre imprese. Aumentare la capacit\u00e0 di fare tamponi e test sierologici significa per esempio tenere sotto controllo il contagio e far si che nessuno si senta solo davanti alla malattia\u201d.<\/p>\n<p>&nbsp;<\/p>\n<p>Aresta, che ha espresso parole di apprezzamento nei confronti dell\u2019Amministrazione comunale di Mesagne e del Sindaco Matarrelli \u201ccirca l\u2019impegno annunciato per il mantenimento e la valorizzazione del San Camillo de Lellis e pi\u00f9 in generale della sanit\u00e0 pubblica di territorio\u201d, ha confermato il suo certo contributo \u201caffinch\u00e9 i nuovi ed imminenti ulteriori provvedimenti del Governo si muovano nella direzione di rafforzare il sistema sanitario pubblico e al contempo dare un sostegno reale all\u2019economia e ai cittadini pi\u00f9 in difficolt\u00e0\u201d.<\/p>\n<p>&nbsp;<\/p>\n<p>c.s.<\/p>\n","protected":false},"excerpt":{"rendered":"<p>\u201cIl \u201cSan Camillo de Lellis\u201d di Mesagne, declassato negli anni scorsi a semplice presidio territoriale di assistenza, ha dimostrato non solo la sua utilit\u00e0 in piena emergenza Covid-19, ma ha smentito con chiarezza la tesi dei sostenitori dei tagli alla sanit\u00e0 pubblica che hanno dettato le politiche sanitarie nel decennio scorso. Con il San Camillo de Lellis anche gli altri ospedali della nostra provincia \u2013 quelli di Fasano, Cisternino e Ceglie Messapica \u2013 si sono dimostrati fondamentali per dare una risposta alla nostra Comunit\u00e0 in questa emergenza e dovranno diventare una presenza stabile del sistema sanitario del brindisino. &nbsp; Occorre fare tesoro di questa esperienza perch\u00e9 non solo il Covid-19 non \u00e8 ancora stato debellato, ma perch\u00e9 solo gli investimenti sulla medicina di territorio possono attivare quella prevenzione necessaria per garantire modelli di salute elevati. &nbsp; Con il \u201cCura Italia\u201d abbiamo messo a disposizione importanti risorse per il sistema sanitario nazionale e per superare le deficienze causate da una incauta politica ragionieristica che ha ispirato tagli alla sanit\u00e0 pubblica sovente&#8230;<\/p>\n","protected":false},"author":2,"featured_media":125710,"comment_status":"open","ping_status":"closed","sticky":false,"template":"","format":"standard","meta":{"footnotes":""},"categories":[7],"tags":[],"class_list":["post-172322","post","type-post","status-publish","format-standard","has-post-thumbnail","hentry","category-news"],"_links":{"self":[{"href":"https:\/\/www.brundisium.net\/index.php\/wp-json\/wp\/v2\/posts\/172322","targetHints":{"allow":["GET"]}}],"collection":[{"href":"https:\/\/www.brundisium.net\/index.php\/wp-json\/wp\/v2\/posts"}],"about":[{"href":"https:\/\/www.brundisium.net\/index.php\/wp-json\/wp\/v2\/types\/post"}],"author":[{"embeddable":true,"href":"https:\/\/www.brundisium.net\/index.php\/wp-json\/wp\/v2\/users\/2"}],"replies":[{"embeddable":true,"href":"https:\/\/www.brundisium.net\/index.php\/wp-json\/wp\/v2\/comments?post=172322"}],"version-history":[{"count":1,"href":"https:\/\/www.brundisium.net\/index.php\/wp-json\/wp\/v2\/posts\/172322\/revisions"}],"predecessor-version":[{"id":172323,"href":"https:\/\/www.brundisium.net\/index.php\/wp-json\/wp\/v2\/posts\/172322\/revisions\/172323"}],"wp:featuredmedia":[{"embeddable":true,"href":"https:\/\/www.brundisium.net\/index.php\/wp-json\/wp\/v2\/media\/125710"}],"wp:attachment":[{"href":"https:\/\/www.brundisium.net\/index.php\/wp-json\/wp\/v2\/media?parent=172322"}],"wp:term":[{"taxonomy":"category","embeddable":true,"href":"https:\/\/www.brundisium.net\/index.php\/wp-json\/wp\/v2\/categories?post=172322"},{"taxonomy":"post_tag","embeddable":true,"href":"https:\/\/www.brundisium.net\/index.php\/wp-json\/wp\/v2\/tags?post=172322"}],"curies":[{"name":"wp","href":"https:\/\/api.w.org\/{rel}","templated":true}]}}