{"id":172740,"date":"2020-05-23T16:50:54","date_gmt":"2020-05-23T14:50:54","guid":{"rendered":"http:\/\/www.brundisium.net\/?p=172740"},"modified":"2020-05-23T15:52:57","modified_gmt":"2020-05-23T13:52:57","slug":"la-prefettura-pianifica-ulteriori-controlli-ma-lappello-e-per-i-cittadini-proseguire-nel-tenere-comportamenti-sempre-improntati-allosservanza-delle-disposizioni","status":"publish","type":"post","link":"https:\/\/www.brundisium.net\/index.php\/la-prefettura-pianifica-ulteriori-controlli-ma-lappello-e-per-i-cittadini-proseguire-nel-tenere-comportamenti-sempre-improntati-allosservanza-delle-disposizioni\/","title":{"rendered":"La Prefettura pianifica ulteriori controlli ma l&#8217;appello \u00e8 per i cittadini: &#8220;proseguire nel tenere comportamenti sempre improntati all\u2019osservanza delle disposizioni&#8221;"},"content":{"rendered":"<p>Si \u00e8 tenuta, nella giornata di ieri, in videoconferenza, la riunione tecnica di coordinamento dei vertici provinciali delle Forze dell\u2019Ordine, presieduta dal Prefetto, alla quale ha partecipato anche il Sindaco di Brindisi.<br \/>\nTra gli argomenti all\u2019ordine del giorno \u00e8 stato affrontato il tema dei controlli nei pressi degli esercizi pubblici e delle aree dei centri urbani maggiormente frequentati, alla luce delle nuove disposizioni poste dal decreto legge del 16 maggio e dal decreto del Presidente del Consiglio del 17 maggio, che hanno dato il via alla c.d. fase 2 dell&#8217;emergenza.<br \/>\nAl riguardo, \u00e8 stata disposta, nell\u2019ambito del piano coordinato di controllo del territorio, l\u2019ulteriore intensificazione dei dispositivi di vigilanza volti ad evitare il rischio di assembramenti nei luoghi pubblici o aperti al pubblico, soprattutto nelle ore serali. Tali attivit\u00e0 saranno svolte anche con l\u2019ausilio del personale delle Polizie municipali dei Comuni della provincia, al fine di dedicare massima attenzione  ai luoghi di aggregazione giovanile, ai locali della movida e a tutti quei contesti in cui tradizionalmente si creano situazioni di assembramento sociale ad oggi vietato.<br \/>\nLe modalit\u00e0 operative, anche in linea con le indicazioni fornite con direttiva del Capo della Polizia ai Questori,  sono state oggetto di un tavolo tecnico, coordinato dal Questore nella mattinata odierna, esteso alla partecipazione delle Polizie Locali per rimodulare il dispositivo di controllo in tutti i comuni della provincia.<br \/>\nUn ulteriore approfondimento \u00e8 stato effettuato nell\u2019incontro, tenutosi nel pomeriggio odierno, alla presenza dei vertici delle Forze dell\u2019Ordine e del Comandante Reggimento Cavalleria di Lodi  per definire le modalit\u00e0 di impiego del contingente aggiuntivo di 20 militari, operativo gi\u00e0 da domani, destinato a supportare le Forze di Polizia  nelle attivit\u00e0 di controllo sia nel Capoluogo che nella provincia.<br \/>\nL\u2019assegnazione di tale aliquota  consegue alla richiesta di impiego delle Forze Armate, oggetto di riunione tecnica di coordinamento tenutasi lo scorso marzo, che ha visto da un lato l\u2019immediato utilizzo di una aliquota di 5 militari facenti parte del contingente di \u201c Strade Sicure\u201d dedicato alla vigilanza presso il CPR e destinato gi\u00e0 sul territorio per rafforzare i servizi di controllo sull\u2019osservanza delle misure di contenimento della diffusione del contagio; dall\u2019altro la richiesta al Ministero dell\u2019Interno di una aliquota mobile aggiuntiva e che \u00e8 stata autorizzata nel quadro delle disposizioni previste dal recente decreto \u201c Rilancio\u201d che ha prorogato l\u2019impiego del contingente  aggiuntivo dei militari delle Forze Armate, nonch\u00e9 l\u2019integrazione dello stesso sino al 31 luglio, per l\u2019emergenza COVID-19.<br \/>\nIl Prefetto esprime il ringraziamento al Governo, per l\u2019attenzione riservata al territorio nell\u2019accogliere con favore la richiesta di assegnazione di un ulteriore contingente di militari dell&#8217;Esercito, che consentir\u00e0 di rendere ancora pi\u00f9 incisivi i servizi di controllo gi\u00e0 in atto.<br \/>\nRinnova l\u2019 apprezzamento alle Forze dell\u2019Ordine ed alle Polizie Locali per l\u2019impegno che stanno profondendo dall\u2019inizio dell\u2019emergenza ed esprime un sentito ringraziamento  anche al Comandante del Raggruppamento Puglia e Basilicata, su base Reggimento Cavalleggeri di Lodi di Lecce che ha assicurato piena disponibilit\u00e0 e supporto operativo, con l\u2019impiego dei militari della Brigata Marina San Marco, per concorrere  con le Forze di Polizia nell\u2019attuazione del dispositivo di controllo.<br \/>\nIl Prefetto, nell\u2019occasione, non pu\u00f2 che richiamare l\u2019attenzione su quanto pi\u00f9 volte sottolineato in merito al ruolo altrettanto fondamentale dei cittadini che, in questa nuova fase, devono proseguire nel tenere comportamenti sempre improntati  all\u2019osservanza delle disposizioni, al rispetto del divieto di assembramento e dell&#8217;obbligo di distanziamento interpersonale.<br \/>\nBrindisi, 22 maggio 2020<\/p>\n","protected":false},"excerpt":{"rendered":"<p>Si \u00e8 tenuta, nella giornata di ieri, in videoconferenza, la riunione tecnica di coordinamento dei vertici provinciali delle Forze dell\u2019Ordine, presieduta dal Prefetto, alla quale ha partecipato anche il Sindaco di Brindisi. Tra gli argomenti all\u2019ordine del giorno \u00e8 stato affrontato il tema dei controlli nei pressi degli esercizi pubblici e delle aree dei centri urbani maggiormente frequentati, alla luce delle nuove disposizioni poste dal decreto legge del 16 maggio e dal decreto del Presidente del Consiglio del 17 maggio, che hanno dato il via alla c.d. fase 2 dell&#8217;emergenza. Al riguardo, \u00e8 stata disposta, nell\u2019ambito del piano coordinato di controllo del territorio, l\u2019ulteriore intensificazione dei dispositivi di vigilanza volti ad evitare il rischio di assembramenti nei luoghi pubblici o aperti al pubblico, soprattutto nelle ore serali. Tali attivit\u00e0 saranno svolte anche con l\u2019ausilio del personale delle Polizie municipali dei Comuni della provincia, al fine di dedicare massima attenzione ai luoghi di aggregazione giovanile, ai locali della movida e a tutti quei contesti in cui tradizionalmente si creano situazioni di&#8230;<\/p>\n","protected":false},"author":2,"featured_media":171135,"comment_status":"open","ping_status":"closed","sticky":false,"template":"","format":"standard","meta":{"footnotes":""},"categories":[7],"tags":[],"class_list":["post-172740","post","type-post","status-publish","format-standard","has-post-thumbnail","hentry","category-news"],"_links":{"self":[{"href":"https:\/\/www.brundisium.net\/index.php\/wp-json\/wp\/v2\/posts\/172740","targetHints":{"allow":["GET"]}}],"collection":[{"href":"https:\/\/www.brundisium.net\/index.php\/wp-json\/wp\/v2\/posts"}],"about":[{"href":"https:\/\/www.brundisium.net\/index.php\/wp-json\/wp\/v2\/types\/post"}],"author":[{"embeddable":true,"href":"https:\/\/www.brundisium.net\/index.php\/wp-json\/wp\/v2\/users\/2"}],"replies":[{"embeddable":true,"href":"https:\/\/www.brundisium.net\/index.php\/wp-json\/wp\/v2\/comments?post=172740"}],"version-history":[{"count":1,"href":"https:\/\/www.brundisium.net\/index.php\/wp-json\/wp\/v2\/posts\/172740\/revisions"}],"predecessor-version":[{"id":172741,"href":"https:\/\/www.brundisium.net\/index.php\/wp-json\/wp\/v2\/posts\/172740\/revisions\/172741"}],"wp:featuredmedia":[{"embeddable":true,"href":"https:\/\/www.brundisium.net\/index.php\/wp-json\/wp\/v2\/media\/171135"}],"wp:attachment":[{"href":"https:\/\/www.brundisium.net\/index.php\/wp-json\/wp\/v2\/media?parent=172740"}],"wp:term":[{"taxonomy":"category","embeddable":true,"href":"https:\/\/www.brundisium.net\/index.php\/wp-json\/wp\/v2\/categories?post=172740"},{"taxonomy":"post_tag","embeddable":true,"href":"https:\/\/www.brundisium.net\/index.php\/wp-json\/wp\/v2\/tags?post=172740"}],"curies":[{"name":"wp","href":"https:\/\/api.w.org\/{rel}","templated":true}]}}