{"id":172826,"date":"2020-05-26T11:21:00","date_gmt":"2020-05-26T09:21:00","guid":{"rendered":"http:\/\/www.brundisium.net\/?p=172826"},"modified":"2020-05-26T11:21:00","modified_gmt":"2020-05-26T09:21:00","slug":"francavilla-il-consiglio-comunale-approva-lacquisto-allasta-delle-quote-di-immobili-della-fiera","status":"publish","type":"post","link":"https:\/\/www.brundisium.net\/index.php\/francavilla-il-consiglio-comunale-approva-lacquisto-allasta-delle-quote-di-immobili-della-fiera\/","title":{"rendered":"Francavilla: il Consiglio Comunale approva l\u2019acquisto all\u2019asta delle quote di immobili della Fiera"},"content":{"rendered":"<p>Si chiude il cerchio intorno alla propriet\u00e0 del complesso immobiliare della Fiera mostra dell\u2019Ascensione di Francavilla Fontana. Con un voto favorevole il Consiglio Comunale della Citt\u00e0 degli Imperiali ha dato il via libera alla partecipazione all\u2019asta per la cessione dei 10\/1000 del complesso immobiliare attualmente in capo all\u2019Ente Autonomo Fiera dell\u2019Ascensione.<\/p>\n<p>&nbsp;<\/p>\n<p>\u201cCon questo atto si pongono le premesse per chiudere una lunghissima pagina di controversie tra i vari soggetti in campo nella gestione della Fiera di Francavilla \u2013 dichiara l\u2019Assessora al Patrimonio Antonella Iurlaro \u2013 parteciperemo all\u2019asta pubblica che ci consentir\u00e0 di riunire l\u2019intero patrimonio immobiliare sotto la propriet\u00e0 unica del Comune di Francavilla Fontana.\u201d<\/p>\n<p>&nbsp;<\/p>\n<p>Le vicende che hanno interessato la struttura affondano le proprie radici nel secondo dopoguerra e hanno visto esponenti del mondo politico e dell\u2019economia lavorare, in maniera trasversale, per la creazione di una Fiera mostra che, per l\u2019economia dell\u2019epoca, rappresentava una occasione di crescita per le attivit\u00e0 produttive.<\/p>\n<p>&nbsp;<\/p>\n<p>Con il passare del tempo la fiera campionaria, schiacciata dai processi di globalizzazione e da una certa confusione burocratica, \u00e8 finita in una condizione di obsolescenza al punto che, nel gennaio 2016, il Presidente della Regione Puglia ha stabilito lo scioglimento dell&#8217;Ente Autonomo Fiera dell\u2019Ascensione, nominando un liquidatore.<\/p>\n<p>&nbsp;<\/p>\n<p>A 4 anni da quel provvedimento regionale nulla si \u00e8 mosso e la posizione debitoria dell\u2019Ente si \u00e8 aggravata raggiungendo la cifra di 238mila euro. Per fare fronte a questa situazione il liquidatore ha messo all\u2019asta la porzione di immobili direttamente gestiti dall\u2019Ente, pari a 10\/1000 dell\u2019intero complesso.<\/p>\n<p>&nbsp;<\/p>\n<p>\u201cL\u2019intricata vicenda della propriet\u00e0 degli immobili della Fiera, giunge finalmente al capolinea \u2013 dichiara l\u2019Assessore all\u2019Urbanistica Nicola Lonoce \u2013 si tratta di una questione molto complessa che si intreccia con una serie di fattori essenziali per lo sviluppo urbano della Citt\u00e0. Avere nella piena disponibilit\u00e0 del Comune quell\u2019area apre scenari inediti.\u201d<\/p>\n<p>&nbsp;<\/p>\n<p>\u201cOggi portiamo a casa un risultato atteso da anni \u2013 dichiara il Sindaco Antonello Denuzzo \u2013 la fiera a breve potr\u00e0 essere nella piena disponibilit\u00e0 del comune. Apriamo una nuova pagina per questo complesso immobiliare, la cui storia, si intreccia con lo sviluppo della Citt\u00e0 e certamente, a distanza di pi\u00f9 di 60 anni, continuer\u00e0 ad essere cos\u00ec.\u201d<\/p>\n<p>&nbsp;<\/p>\n<p>&nbsp;<\/p>\n<p><em><strong>COMUNICATO STAMPA COMUNE DI FRANCAVILLA FONTANA<\/strong><\/em><\/p>\n","protected":false},"excerpt":{"rendered":"<p>Si chiude il cerchio intorno alla propriet\u00e0 del complesso immobiliare della Fiera mostra dell\u2019Ascensione di Francavilla Fontana. Con un voto favorevole il Consiglio Comunale della Citt\u00e0 degli Imperiali ha dato il via libera alla partecipazione all\u2019asta per la cessione dei 10\/1000 del complesso immobiliare attualmente in capo all\u2019Ente Autonomo Fiera dell\u2019Ascensione. &nbsp; \u201cCon questo atto si pongono le premesse per chiudere una lunghissima pagina di controversie tra i vari soggetti in campo nella gestione della Fiera di Francavilla \u2013 dichiara l\u2019Assessora al Patrimonio Antonella Iurlaro \u2013 parteciperemo all\u2019asta pubblica che ci consentir\u00e0 di riunire l\u2019intero patrimonio immobiliare sotto la propriet\u00e0 unica del Comune di Francavilla Fontana.\u201d &nbsp; Le vicende che hanno interessato la struttura affondano le proprie radici nel secondo dopoguerra e hanno visto esponenti del mondo politico e dell\u2019economia lavorare, in maniera trasversale, per la creazione di una Fiera mostra che, per l\u2019economia dell\u2019epoca, rappresentava una occasione di crescita per le attivit\u00e0 produttive. &nbsp; Con il passare del tempo la fiera campionaria, schiacciata dai processi di globalizzazione e da&#8230;<\/p>\n","protected":false},"author":2,"featured_media":172827,"comment_status":"open","ping_status":"closed","sticky":false,"template":"","format":"standard","meta":{"footnotes":""},"categories":[7],"tags":[],"class_list":["post-172826","post","type-post","status-publish","format-standard","has-post-thumbnail","hentry","category-news"],"_links":{"self":[{"href":"https:\/\/www.brundisium.net\/index.php\/wp-json\/wp\/v2\/posts\/172826","targetHints":{"allow":["GET"]}}],"collection":[{"href":"https:\/\/www.brundisium.net\/index.php\/wp-json\/wp\/v2\/posts"}],"about":[{"href":"https:\/\/www.brundisium.net\/index.php\/wp-json\/wp\/v2\/types\/post"}],"author":[{"embeddable":true,"href":"https:\/\/www.brundisium.net\/index.php\/wp-json\/wp\/v2\/users\/2"}],"replies":[{"embeddable":true,"href":"https:\/\/www.brundisium.net\/index.php\/wp-json\/wp\/v2\/comments?post=172826"}],"version-history":[{"count":1,"href":"https:\/\/www.brundisium.net\/index.php\/wp-json\/wp\/v2\/posts\/172826\/revisions"}],"predecessor-version":[{"id":172828,"href":"https:\/\/www.brundisium.net\/index.php\/wp-json\/wp\/v2\/posts\/172826\/revisions\/172828"}],"wp:featuredmedia":[{"embeddable":true,"href":"https:\/\/www.brundisium.net\/index.php\/wp-json\/wp\/v2\/media\/172827"}],"wp:attachment":[{"href":"https:\/\/www.brundisium.net\/index.php\/wp-json\/wp\/v2\/media?parent=172826"}],"wp:term":[{"taxonomy":"category","embeddable":true,"href":"https:\/\/www.brundisium.net\/index.php\/wp-json\/wp\/v2\/categories?post=172826"},{"taxonomy":"post_tag","embeddable":true,"href":"https:\/\/www.brundisium.net\/index.php\/wp-json\/wp\/v2\/tags?post=172826"}],"curies":[{"name":"wp","href":"https:\/\/api.w.org\/{rel}","templated":true}]}}