{"id":173001,"date":"2020-05-29T21:26:22","date_gmt":"2020-05-29T19:26:22","guid":{"rendered":"http:\/\/www.brundisium.net\/?p=173001"},"modified":"2020-05-29T21:26:22","modified_gmt":"2020-05-29T19:26:22","slug":"la-prefettura-potenzia-i-servizi-di-controllo-anti-assembramento-nel-fine-settimana","status":"publish","type":"post","link":"https:\/\/www.brundisium.net\/index.php\/la-prefettura-potenzia-i-servizi-di-controllo-anti-assembramento-nel-fine-settimana\/","title":{"rendered":"La Prefettura potenzia i servizi di controllo anti-assembramento nel fine settimana"},"content":{"rendered":"<p>Il rafforzamento dei controlli anti assembramento nei luoghi della c.d. &#8220;movida&#8221; \u00e8 stata una delle tematiche al centro della riunione di Comitato Provinciale per l&#8217;Ordine e la Sicurezza Pubblica svoltasi, in videoconferenza, nella mattinata odierna, presieduta dal Prefetto, con la partecipazione del Questore, dei Comandanti Provinciali dell&#8217;Arma dei Carabinieri e della Guardia di Finanza e dei Sindaci o amministratori dei Comuni di Brindisi, Fasano, Francavilla Fontana, Ostuni, San Vito dei Normanni, Ceglie Messapico, unitamente ai Comandanti delle Polizie Locali di Brindisi e Fasano.<br \/>\nL\u2019incontro nasce dall\u2019esigenza di porre particolare attenzione ai fenomeni di aggregazione e delle conseguenze connesse alla possibile diffusione del virus, dopo l&#8217;allentamento delle misure dettate dal lockdown e l&#8217;inizio della c.d fase 2, con la predisposizione di mirati servizi di controllo del territorio, nel Capoluogo e nei comuni della Provincia.<\/p>\n<p>Il Prefetto ha sottolineato che in questa delicata fase della gestione emergenziale, caratterizzata dal cambiamento delle regole della mobilit\u00e0 e dalla progressiva ripresa delle attivit\u00e0 produttive e commerciali, \u00e8 assolutamente necessario mantenere sempre alta l&#8217;attenzione per contenere il rischio di diffusione del contagio discendente dagli assembramenti.<br \/>\nNel quadro degli interventi disposti in questa direzione gi\u00e0 dalla scorsa settimana, sono stati attuati con ordinanza del Questore accurati servizi di controllo del territorio che proseguiranno anche nel prossimo week-end, con specifiche misure, nelle fasce serali e notturne, da parte di Forze di Polizia, Polizie Locali ed il contingente dell\u2019Esercito gi\u00e0 assegnato dal 20 maggio scorso, in prossimit\u00e0 delle piazze principali e dei luoghi di ritrovo.<\/p>\n<p>Nell&#8217;ottica di contemperare la ripresa delle attivit\u00e0 economiche con il necessario rispetto delle misure di distanziamento interpersonale, \u00e8 stata condivisa l&#8217;opportunit\u00e0 di valutare ed approfondire modalit\u00e0 operative comuni ai vari ambiti della provincia, attraverso anzitutto una responsabilizzazione della cittadinanza e dei gestori degli esercizi commerciali, nonch\u00e9 l&#8217;individuazione di modalit\u00e0 di fruizione degli spazi antistanti i locali tali da garantire un adeguato distanziamento interpersonale e\/o con l\u2019adozione di provvedimenti di restrizioni degli orari.<br \/>\nI rappresentanti dei Comuni, nell\u2019apprezzare l\u2019odierno confronto, hanno confermato la piena collaborazione con il supporto delle Polizie Locali nelle attivit\u00e0 di controllo pianificate dal Questore, anche ipotizzando misure organizzative pi\u00f9 stringenti, qualora necessarie, per contemperare al meglio le esigenze.<br \/>\nNel corso della riunione da alcuni amministratori \u00e8 stata anche evidenziata la difficolt\u00e0 di apertura di mercato all\u2019aperto.<br \/>\nIl Prefetto, ferma restando la necessit\u00e0 di promuovere ulteriori momenti di incontro con i Sindaci, ha nuovamente sottolineato che occorre sempre far leva sul senso di responsabilit\u00e0 nell\u2019osservanza delle distanze interpersonali indicate nelle disposizioni anticontagio da Covid &#8211; 19, con invito a mantenere comportamenti virtuosi e rispettosi delle regole a tutela della salute individuale e della collettivit\u00e0, cos\u00ec come dimostrato nei periodi passati.<\/p>\n<p>&nbsp;<\/p>\n<p>&nbsp;<\/p>\n<p>COMUNICATO STAMPA PREFETTURA DI BRINDISI<\/p>\n","protected":false},"excerpt":{"rendered":"<p>Il rafforzamento dei controlli anti assembramento nei luoghi della c.d. &#8220;movida&#8221; \u00e8 stata una delle tematiche al centro della riunione di Comitato Provinciale per l&#8217;Ordine e la Sicurezza Pubblica svoltasi, in videoconferenza, nella mattinata odierna, presieduta dal Prefetto, con la partecipazione del Questore, dei Comandanti Provinciali dell&#8217;Arma dei Carabinieri e della Guardia di Finanza e dei Sindaci o amministratori dei Comuni di Brindisi, Fasano, Francavilla Fontana, Ostuni, San Vito dei Normanni, Ceglie Messapico, unitamente ai Comandanti delle Polizie Locali di Brindisi e Fasano. L\u2019incontro nasce dall\u2019esigenza di porre particolare attenzione ai fenomeni di aggregazione e delle conseguenze connesse alla possibile diffusione del virus, dopo l&#8217;allentamento delle misure dettate dal lockdown e l&#8217;inizio della c.d fase 2, con la predisposizione di mirati servizi di controllo del territorio, nel Capoluogo e nei comuni della Provincia. Il Prefetto ha sottolineato che in questa delicata fase della gestione emergenziale, caratterizzata dal cambiamento delle regole della mobilit\u00e0 e dalla progressiva ripresa delle attivit\u00e0 produttive e commerciali, \u00e8 assolutamente necessario mantenere sempre alta l&#8217;attenzione per contenere&#8230;<\/p>\n","protected":false},"author":2,"featured_media":20931,"comment_status":"open","ping_status":"closed","sticky":false,"template":"","format":"standard","meta":{"footnotes":""},"categories":[7],"tags":[],"class_list":["post-173001","post","type-post","status-publish","format-standard","has-post-thumbnail","hentry","category-news"],"_links":{"self":[{"href":"https:\/\/www.brundisium.net\/index.php\/wp-json\/wp\/v2\/posts\/173001","targetHints":{"allow":["GET"]}}],"collection":[{"href":"https:\/\/www.brundisium.net\/index.php\/wp-json\/wp\/v2\/posts"}],"about":[{"href":"https:\/\/www.brundisium.net\/index.php\/wp-json\/wp\/v2\/types\/post"}],"author":[{"embeddable":true,"href":"https:\/\/www.brundisium.net\/index.php\/wp-json\/wp\/v2\/users\/2"}],"replies":[{"embeddable":true,"href":"https:\/\/www.brundisium.net\/index.php\/wp-json\/wp\/v2\/comments?post=173001"}],"version-history":[{"count":1,"href":"https:\/\/www.brundisium.net\/index.php\/wp-json\/wp\/v2\/posts\/173001\/revisions"}],"predecessor-version":[{"id":173004,"href":"https:\/\/www.brundisium.net\/index.php\/wp-json\/wp\/v2\/posts\/173001\/revisions\/173004"}],"wp:featuredmedia":[{"embeddable":true,"href":"https:\/\/www.brundisium.net\/index.php\/wp-json\/wp\/v2\/media\/20931"}],"wp:attachment":[{"href":"https:\/\/www.brundisium.net\/index.php\/wp-json\/wp\/v2\/media?parent=173001"}],"wp:term":[{"taxonomy":"category","embeddable":true,"href":"https:\/\/www.brundisium.net\/index.php\/wp-json\/wp\/v2\/categories?post=173001"},{"taxonomy":"post_tag","embeddable":true,"href":"https:\/\/www.brundisium.net\/index.php\/wp-json\/wp\/v2\/tags?post=173001"}],"curies":[{"name":"wp","href":"https:\/\/api.w.org\/{rel}","templated":true}]}}