{"id":173060,"date":"2020-06-01T08:56:35","date_gmt":"2020-06-01T06:56:35","guid":{"rendered":"http:\/\/www.brundisium.net\/?p=173060"},"modified":"2020-06-04T08:24:53","modified_gmt":"2020-06-04T06:24:53","slug":"liberalizzazione-degli-orari-e-delle-giornate-di-riposo-per-estetiste-e-acconciatori-confartigianato-scrive-ai-comuni","status":"publish","type":"post","link":"https:\/\/www.brundisium.net\/index.php\/liberalizzazione-degli-orari-e-delle-giornate-di-riposo-per-estetiste-e-acconciatori-confartigianato-scrive-ai-comuni\/","title":{"rendered":"Liberalizzazione degli orari e delle giornate di riposo per estetiste e acconciatori: Confartigianato scrive ai Comuni"},"content":{"rendered":"<p>Confartigianato Brindisi, dopo la pubblicazione dell\u2019Ordinanza della Regione Puglia n. 226 del 7 maggio e del relativo Allegato tecnico del 14 maggio scorso il cui contenuto riguarda le nuove disposizioni sul territorio regionale in materia di contrasto al contagio da covid-19 nei centri estetici, di bellezza inclusi i saloni di acconciatura gi\u00e0 definite dal Decreto del Presidente del Consiglio dei Ministro del 26 aprile 2020, ha informato i Sindaci della provincia di Brindisi che i titolari di esercizi artigianali del settore benessere adotteranno da giugno le nuove regole previste dalla liberalizzazione degli orari e delle giornate di riposo, gli orari di apertura potranno essere pi\u00f9 lunghi e si potr\u00e0 decidere di lavorare anche nei giorni festivi oltre che nella giornata del luned\u00ec, nel contempo Confartigianato ha chiesto ai Sindaci di garantire la massima diffusione alla cittadinanza di tale opportunit\u00e0.<\/p>\n<p>&nbsp;<\/p>\n<p>La decisione di molti titolari riviene oltre che da una esigenza oggettiva di diluire, in questa Fase 2, la presenza di clienti per favorire il distanziamento interpersonale imposto dal Ministero della Sanit\u00e0 e dalla nostra Regione, ma anche dalla volont\u00e0 di adeguare i tempi di lavoro alla Direttiva 2006\/123\/CE, cosiddetta Bolkestein, recepita dal D. Lgs. n.59\/2010 che ha liberalizzato orari e giornate di riposo sottraendole alla potest\u00e0 regolamentare dei Comuni.<\/p>\n<p>&nbsp;<\/p>\n<p>Nella stessa Ordinanza del Presidente Emiliano si invitano i Sindaci a consentire la massima flessibilit\u00e0 in termini di apertura degli esercizi nell\u2019ottica di fornire un servizio sicuro e compatibile con il contenuto della stessa Ordinanza e del Decreto del Presidente Conte.<\/p>\n<p>&nbsp;<\/p>\n<p>Dal 18 maggio scorso, giorno di riapertura dopo 2 mesi e mezzo di chiusura totale, estetiste e parrucchieri stanno rispettando rigorosamente il principio del distanziamento fisico, dell\u2019igiene delle mani e della persona, della sanificazione degli impianti, delle attrezzature e degli ambienti di lavoro, dell\u2019uso dei dpi, della rilevazione della temperatura dei dipendenti, della formazione, dell\u2019adeguamento delle postazioni di lavoro, e di quant\u2019altro deve garantire la massima sicurezza per il personale e la clientela, ad oggi, con grandi sacrifici economici, nella totalit\u00e0 dei casi affrontati con le proprie forze, le aziende stanno con affanno riprendendosi, l\u2019augurio di tutti \u00e8 quello di poter richiamare al pi\u00f9 presto tutti i dipendenti messi in cassaintegrazione.<\/p>\n<p>&nbsp;<\/p>\n<p><em><strong>Teodoro Piscopiello<\/strong><\/em><br \/>\n<em><strong>Direttore Confartigianato Brindisi<\/strong><\/em><\/p>\n","protected":false},"excerpt":{"rendered":"<p>Confartigianato Brindisi, dopo la pubblicazione dell\u2019Ordinanza della Regione Puglia n. 226 del 7 maggio e del relativo Allegato tecnico del 14 maggio scorso il cui contenuto riguarda le nuove disposizioni sul territorio regionale in materia di contrasto al contagio da covid-19 nei centri estetici, di bellezza inclusi i saloni di acconciatura gi\u00e0 definite dal Decreto del Presidente del Consiglio dei Ministro del 26 aprile 2020, ha informato i Sindaci della provincia di Brindisi che i titolari di esercizi artigianali del settore benessere adotteranno da giugno le nuove regole previste dalla liberalizzazione degli orari e delle giornate di riposo, gli orari di apertura potranno essere pi\u00f9 lunghi e si potr\u00e0 decidere di lavorare anche nei giorni festivi oltre che nella giornata del luned\u00ec, nel contempo Confartigianato ha chiesto ai Sindaci di garantire la massima diffusione alla cittadinanza di tale opportunit\u00e0. &nbsp; La decisione di molti titolari riviene oltre che da una esigenza oggettiva di diluire, in questa Fase 2, la presenza di clienti per favorire il distanziamento interpersonale imposto dal Ministero&#8230;<\/p>\n","protected":false},"author":2,"featured_media":172165,"comment_status":"open","ping_status":"closed","sticky":false,"template":"","format":"standard","meta":{"footnotes":""},"categories":[7],"tags":[],"class_list":["post-173060","post","type-post","status-publish","format-standard","has-post-thumbnail","hentry","category-news"],"_links":{"self":[{"href":"https:\/\/www.brundisium.net\/index.php\/wp-json\/wp\/v2\/posts\/173060","targetHints":{"allow":["GET"]}}],"collection":[{"href":"https:\/\/www.brundisium.net\/index.php\/wp-json\/wp\/v2\/posts"}],"about":[{"href":"https:\/\/www.brundisium.net\/index.php\/wp-json\/wp\/v2\/types\/post"}],"author":[{"embeddable":true,"href":"https:\/\/www.brundisium.net\/index.php\/wp-json\/wp\/v2\/users\/2"}],"replies":[{"embeddable":true,"href":"https:\/\/www.brundisium.net\/index.php\/wp-json\/wp\/v2\/comments?post=173060"}],"version-history":[{"count":1,"href":"https:\/\/www.brundisium.net\/index.php\/wp-json\/wp\/v2\/posts\/173060\/revisions"}],"predecessor-version":[{"id":173064,"href":"https:\/\/www.brundisium.net\/index.php\/wp-json\/wp\/v2\/posts\/173060\/revisions\/173064"}],"wp:featuredmedia":[{"embeddable":true,"href":"https:\/\/www.brundisium.net\/index.php\/wp-json\/wp\/v2\/media\/172165"}],"wp:attachment":[{"href":"https:\/\/www.brundisium.net\/index.php\/wp-json\/wp\/v2\/media?parent=173060"}],"wp:term":[{"taxonomy":"category","embeddable":true,"href":"https:\/\/www.brundisium.net\/index.php\/wp-json\/wp\/v2\/categories?post=173060"},{"taxonomy":"post_tag","embeddable":true,"href":"https:\/\/www.brundisium.net\/index.php\/wp-json\/wp\/v2\/tags?post=173060"}],"curies":[{"name":"wp","href":"https:\/\/api.w.org\/{rel}","templated":true}]}}