{"id":173118,"date":"2020-06-01T23:49:40","date_gmt":"2020-06-01T21:49:40","guid":{"rendered":"http:\/\/www.brundisium.net\/?p=173118"},"modified":"2020-06-01T23:51:41","modified_gmt":"2020-06-01T21:51:41","slug":"la-festa-della-repubblica-al-tempo-del-covid-il-2-giugno-a-brindisi-breve-cerimonia-in-piazza-santa-teresa","status":"publish","type":"post","link":"https:\/\/www.brundisium.net\/index.php\/la-festa-della-repubblica-al-tempo-del-covid-il-2-giugno-a-brindisi-breve-cerimonia-in-piazza-santa-teresa\/","title":{"rendered":"La Festa della Repubblica al tempo del Covid: il 2 Giugno a Brindisi breve cerimonia in Piazza Santa Teresa"},"content":{"rendered":"<p>Il 74\u00b0 Anniversario della Fondazione della Repubblica Italiana ricade in un momento storico particolare che non consente di essere presenti nelle piazze per le consuete celebrazioni.<\/p>\n<p>L&#8217;emergenza Coronavirus e le conseguenti restrizioni, come la sospensione di eventi e il divieto di assembramenti, impediscono i festeggiamenti attraverso le tradizionali forme di partecipazione di tutte le Istituzioni e dei cittadini.<\/p>\n<p>Tuttavia, al fine di celebrare la ricorrenza del 2 Giugno, la Prefettura di Brindisi, d&#8217;intesa con il Comune Capoluogo, in linea con le misure di contenimento vigenti, ha organizzato un breve ma significativo momento di rinnovata riflessione sul significato dell&#8217;Anniversario.<\/p>\n<p>La cerimonia pubblica ufficiale si svolger\u00e0 alle ore 9.00 in Piazza Santa Teresa quando il sindaco Riccardo Rossi ed il prefetto Umberto Guidato deporranno la corona ai piedi del Monumento ai caduti. In ragione della situazione epidemiologica in atto, l&#8217;evento sar\u00e0 limitato alla presenza delle sole massime autorit\u00e0 civili e militari.<\/p>\n<p>&nbsp;<\/p>\n<p>La Citt\u00e0 di Francavilla Fontana commemorer\u00e0 il 74\u00b0 anniversario della nascita della Repubblica Italiana con una manifestazione in Piazza Vittorio Emanuele II alle ore 10.00.<\/p>\n<p>Nel corso dell&#8217;evento, oltre all\u2019alzabandiera e alle tradizionali esecuzioni dell\u2019Inno Nazionale e del Silenzio a cura della Banda Giuseppe Verdi, saranno declamati alcuni articoli della Costituzione.<\/p>\n<p>Lettori d\u2019eccezione saranno:<\/p>\n<p>Raffaele Maria Alfonzetti \u2013 Sindaco delle Ragazze e dei Ragazzi di Francavilla Fontana;<br \/>\nTen. Valeria Sabatelli \u2013 vice Commissaria della Polizia Locale;<br \/>\nImma Forleo \u2013 volontaria della Croce Rossa Italiana;<br \/>\nFrancesca Maria Garofoli \u2013 volontaria del Servizio Emergenza Francavilla;<br \/>\nMichele Alfonzetti \u2013 volontario della Prociv Arci;<br \/>\nPietro Molendini \u2013 infermiere dell\u2019Ospedale Dario Camberlingo;<br \/>\nOronzo Incalza \u2013 Presidente Confcommercio Francavilla Fontana;<br \/>\nLeonardo Perez \u2013 calciatore della Virtus Francavilla.<\/p>\n<p>Concluder\u00e0 la cerimonia l\u2019intervento del Sindaco Antonello Denuzzo.<\/p>\n<p>La manifestazione si svolger\u00e0 nel rispetto delle norme per il contenimento del contagio, secondo quanto previsto dal Dpcm del 17 maggio.<\/p>\n","protected":false},"excerpt":{"rendered":"<p>Il 74\u00b0 Anniversario della Fondazione della Repubblica Italiana ricade in un momento storico particolare che non consente di essere presenti nelle piazze per le consuete celebrazioni. L&#8217;emergenza Coronavirus e le conseguenti restrizioni, come la sospensione di eventi e il divieto di assembramenti, impediscono i festeggiamenti attraverso le tradizionali forme di partecipazione di tutte le Istituzioni e dei cittadini. Tuttavia, al fine di celebrare la ricorrenza del 2 Giugno, la Prefettura di Brindisi, d&#8217;intesa con il Comune Capoluogo, in linea con le misure di contenimento vigenti, ha organizzato un breve ma significativo momento di rinnovata riflessione sul significato dell&#8217;Anniversario. La cerimonia pubblica ufficiale si svolger\u00e0 alle ore 9.00 in Piazza Santa Teresa quando il sindaco Riccardo Rossi ed il prefetto Umberto Guidato deporranno la corona ai piedi del Monumento ai caduti. In ragione della situazione epidemiologica in atto, l&#8217;evento sar\u00e0 limitato alla presenza delle sole massime autorit\u00e0 civili e militari. &nbsp; La Citt\u00e0 di Francavilla Fontana commemorer\u00e0 il 74\u00b0 anniversario della nascita della Repubblica Italiana con una manifestazione in Piazza Vittorio&#8230;<\/p>\n","protected":false},"author":2,"featured_media":135756,"comment_status":"open","ping_status":"closed","sticky":false,"template":"","format":"standard","meta":{"footnotes":""},"categories":[7],"tags":[],"class_list":["post-173118","post","type-post","status-publish","format-standard","has-post-thumbnail","hentry","category-news"],"_links":{"self":[{"href":"https:\/\/www.brundisium.net\/index.php\/wp-json\/wp\/v2\/posts\/173118","targetHints":{"allow":["GET"]}}],"collection":[{"href":"https:\/\/www.brundisium.net\/index.php\/wp-json\/wp\/v2\/posts"}],"about":[{"href":"https:\/\/www.brundisium.net\/index.php\/wp-json\/wp\/v2\/types\/post"}],"author":[{"embeddable":true,"href":"https:\/\/www.brundisium.net\/index.php\/wp-json\/wp\/v2\/users\/2"}],"replies":[{"embeddable":true,"href":"https:\/\/www.brundisium.net\/index.php\/wp-json\/wp\/v2\/comments?post=173118"}],"version-history":[{"count":3,"href":"https:\/\/www.brundisium.net\/index.php\/wp-json\/wp\/v2\/posts\/173118\/revisions"}],"predecessor-version":[{"id":173121,"href":"https:\/\/www.brundisium.net\/index.php\/wp-json\/wp\/v2\/posts\/173118\/revisions\/173121"}],"wp:featuredmedia":[{"embeddable":true,"href":"https:\/\/www.brundisium.net\/index.php\/wp-json\/wp\/v2\/media\/135756"}],"wp:attachment":[{"href":"https:\/\/www.brundisium.net\/index.php\/wp-json\/wp\/v2\/media?parent=173118"}],"wp:term":[{"taxonomy":"category","embeddable":true,"href":"https:\/\/www.brundisium.net\/index.php\/wp-json\/wp\/v2\/categories?post=173118"},{"taxonomy":"post_tag","embeddable":true,"href":"https:\/\/www.brundisium.net\/index.php\/wp-json\/wp\/v2\/tags?post=173118"}],"curies":[{"name":"wp","href":"https:\/\/api.w.org\/{rel}","templated":true}]}}