{"id":173258,"date":"2020-06-05T09:35:58","date_gmt":"2020-06-05T07:35:58","guid":{"rendered":"http:\/\/www.brundisium.net\/?p=173258"},"modified":"2020-06-05T08:59:18","modified_gmt":"2020-06-05T06:59:18","slug":"a-mano-a-mano-per-torre-guaceto-torna-la-pulizia-di-comunita","status":"publish","type":"post","link":"https:\/\/www.brundisium.net\/index.php\/a-mano-a-mano-per-torre-guaceto-torna-la-pulizia-di-comunita\/","title":{"rendered":"A mano, a mano per Torre Guaceto: torna la pulizia di comunit\u00e0"},"content":{"rendered":"<p>In onore della celebrazione odierna della Giornata mondiale dell\u2019ambiente, il Consorzio di Gestione di Torre Guaceto partir\u00e0 con i preparativi per il grande ritorno della pulizia di comunit\u00e0 della Riserva.<br \/>\nLa nuova edizione di \u201cA mano, a mano per Torre Guaceto\u201d si festegger\u00e0 domenica 14 giugno e, questa volta, al centro della manifestazione ci sar\u00e0 una delle aree pi\u00f9 delicate e protette dell\u2019intera Riserva, quella delle spiagge della zona A, le spiagge della laguna della torre aragonese.<br \/>\nVista torre, i volontari e le associazioni del territorio che si uniranno alla squadra del Consorzio nell\u2019attivit\u00e0 di pulizia dell\u2019arenile, godranno di uno degli spettacoli paesaggistici pi\u00f9 affascinanti dell\u2019area protetta. Una zona bella da mozzare il fiato, una zona che, come tutte le altre, risente della presenza di rifiuti spiaggiati.<br \/>\nL\u2019obbiettivo della giornata sar\u00e0 quello di ripulire insieme alla cittadinanza che ha a cuore l\u2019ambiente, la vasta spiaggia deturpata dagli oggetti portati dal mare e cos\u00ec fare sensibilizzazione.<br \/>\nMa non solo, la volont\u00e0 \u00e8 anche quella di permettere ai volontari di vivere la zona e di viverla nel modo corretto. Ci\u00f2 perch\u00e9 pur, avendo il Consorzio disseminato per l\u2019intera Riserva cartellonistica che spiega quali sono i comportamenti da non assumere a Torre Guaceto e quali sono le peculiarit\u00e0 che rendono speciale ciascuna zona, c\u2019\u00e8 ancora chi, in barba all\u2019area protetta e dimostrando una totale assenza di senso civico, fa il bagno in zona A e, addirittura, raggiunge la zona con i propri cani. Tali comportamenti sono inaccettabili e chiunque se ne rende protagonista, farebbe bene a non visitare pi\u00f9 Torre Guaceto. Le spiagge della zona A dell\u2019Area Marina Protetta, dove A sta per riserva integrale, ossia zona tanto preziosa e delicata da essere suscettibile a variazioni dannose per la tenuta degli habitat presenti gi\u00e0 con la semplice balneazione, possono essere percorse a piedi o in bici e ci si pu\u00f2 fermare per ammirare il paesaggio, ma null\u2019altro, se si vuole bene a Torre Guaceto.<br \/>\nE domenica 14, i biologi del Consorzio spiegheranno le caratteristiche della zona nel dettaglio a chiunque vorr\u00e0 unirsi alla grande famiglia di Torre Guaceto per un giorno.<br \/>\nL\u2019adesione ad \u201cA mano, a mano per Torre Guaceto\u201d se pure pu\u00f2 sembrare un gesto puramente simbolico rappresenta, invece, un grande aiuto alle attivit\u00e0 per la tutela della Riserva.<br \/>\nPurtroppo, il mare porta quotidianamente su tutta la costa, una quantit\u00e0 inimmaginabile di rifiuti provenienti sia dal mare aperto, che da altri Paesi. E una delle cose che ciascun cittadino pu\u00f2 fare per combattere la diffusione di ci\u00f2 che tecnicamente si chiama \u201cmarine litter\u201d \u00e8 cambiare stile di vita, consumare meno materiali usa e getta possibile, differenziare i propri rifiuti.<br \/>\nNon solo, pi\u00f9 aumenter\u00e0 il popolo degli amici di Torre Guaceto, sempre meno forte sar\u00e0 quello degli utenti che credono di poter fruire delle spiagge della Riserva come di una qualsiasi localit\u00e0 marina, finendo per danneggiare l\u2019area protetta.<br \/>\n\u201cInvitiamo i tanti che hanno a cuore Torre Guaceto \u2013 ha commentato Corrado Tarantino, presidente del Consorzio -, a fermarsi a riflettere per un attimo. A ricordare quanto di bello la Riserva ha donato loro e a decidere, per una volta, di ricambiare tanta bellezza partecipando alla nostra giornata di pulizia di comunit\u00e0\u201d.<br \/>\nIl Consorzio offrir\u00e0 ai volontari i guanti e tutto il necessario per la raccolta dei rifiuti, chi vorr\u00e0 partecipare, dovr\u00e0 solo scrivere una mail all\u2019indirizzo segreteria@riservaditorreguaceto.it entro le ore 12 di venerd\u00ec 12 giugno, indicando i propri nome e cognome, et\u00e0, citt\u00e0 di provenienza, e riportando gli stessi dati per ciascun eventuale accompagnatore con il quale si intende raggiungere l\u2019area protetta.<br \/>\nL\u2019evento si svolger\u00e0 a partire dalle 9.30, ulteriori dettagli saranno forniti via mail in risposta alla domanda di adesione.<br \/>\nQuella di domenica 14 giugno sar\u00e0 una giornata di pulizia speciale, la prima dopo tanto tempo di fermo e che, comunque, vedr\u00e0 i volontari obbligati ad indossare i dispositivi di sicurezza e a mantenere la distanza sociale, ma sar\u00e0 comunque un evento speciale, perch\u00e9 le azioni di comunit\u00e0 in favore dell\u2019ambiente non sono mai manifestazioni qualunque.<\/p>\n<p>&nbsp;<\/p>\n<p>COMUNICAZIONE CONSORZIO DI GESTIONE DI TORRE GUACETO<\/p>\n","protected":false},"excerpt":{"rendered":"<p>In onore della celebrazione odierna della Giornata mondiale dell\u2019ambiente, il Consorzio di Gestione di Torre Guaceto partir\u00e0 con i preparativi per il grande ritorno della pulizia di comunit\u00e0 della Riserva. La nuova edizione di \u201cA mano, a mano per Torre Guaceto\u201d si festegger\u00e0 domenica 14 giugno e, questa volta, al centro della manifestazione ci sar\u00e0 una delle aree pi\u00f9 delicate e protette dell\u2019intera Riserva, quella delle spiagge della zona A, le spiagge della laguna della torre aragonese. Vista torre, i volontari e le associazioni del territorio che si uniranno alla squadra del Consorzio nell\u2019attivit\u00e0 di pulizia dell\u2019arenile, godranno di uno degli spettacoli paesaggistici pi\u00f9 affascinanti dell\u2019area protetta. Una zona bella da mozzare il fiato, una zona che, come tutte le altre, risente della presenza di rifiuti spiaggiati. L\u2019obbiettivo della giornata sar\u00e0 quello di ripulire insieme alla cittadinanza che ha a cuore l\u2019ambiente, la vasta spiaggia deturpata dagli oggetti portati dal mare e cos\u00ec fare sensibilizzazione. Ma non solo, la volont\u00e0 \u00e8 anche quella di permettere ai volontari di vivere la&#8230;<\/p>\n","protected":false},"author":2,"featured_media":173259,"comment_status":"open","ping_status":"closed","sticky":false,"template":"","format":"standard","meta":{"footnotes":""},"categories":[7],"tags":[],"class_list":["post-173258","post","type-post","status-publish","format-standard","has-post-thumbnail","hentry","category-news"],"_links":{"self":[{"href":"https:\/\/www.brundisium.net\/index.php\/wp-json\/wp\/v2\/posts\/173258","targetHints":{"allow":["GET"]}}],"collection":[{"href":"https:\/\/www.brundisium.net\/index.php\/wp-json\/wp\/v2\/posts"}],"about":[{"href":"https:\/\/www.brundisium.net\/index.php\/wp-json\/wp\/v2\/types\/post"}],"author":[{"embeddable":true,"href":"https:\/\/www.brundisium.net\/index.php\/wp-json\/wp\/v2\/users\/2"}],"replies":[{"embeddable":true,"href":"https:\/\/www.brundisium.net\/index.php\/wp-json\/wp\/v2\/comments?post=173258"}],"version-history":[{"count":1,"href":"https:\/\/www.brundisium.net\/index.php\/wp-json\/wp\/v2\/posts\/173258\/revisions"}],"predecessor-version":[{"id":173260,"href":"https:\/\/www.brundisium.net\/index.php\/wp-json\/wp\/v2\/posts\/173258\/revisions\/173260"}],"wp:featuredmedia":[{"embeddable":true,"href":"https:\/\/www.brundisium.net\/index.php\/wp-json\/wp\/v2\/media\/173259"}],"wp:attachment":[{"href":"https:\/\/www.brundisium.net\/index.php\/wp-json\/wp\/v2\/media?parent=173258"}],"wp:term":[{"taxonomy":"category","embeddable":true,"href":"https:\/\/www.brundisium.net\/index.php\/wp-json\/wp\/v2\/categories?post=173258"},{"taxonomy":"post_tag","embeddable":true,"href":"https:\/\/www.brundisium.net\/index.php\/wp-json\/wp\/v2\/tags?post=173258"}],"curies":[{"name":"wp","href":"https:\/\/api.w.org\/{rel}","templated":true}]}}