{"id":173428,"date":"2020-06-10T19:08:24","date_gmt":"2020-06-10T17:08:24","guid":{"rendered":"http:\/\/www.brundisium.net\/?p=173428"},"modified":"2020-06-10T19:08:24","modified_gmt":"2020-06-10T17:08:24","slug":"colucci-il-parco-dune-costiere-distrutto-dalla-mala-politica-locale","status":"publish","type":"post","link":"https:\/\/www.brundisium.net\/index.php\/colucci-il-parco-dune-costiere-distrutto-dalla-mala-politica-locale\/","title":{"rendered":"Colucci: &#8220;Il Parco Dune Costiere distrutto dalla mala politica locale&#8221;"},"content":{"rendered":"<p>\u201cNell\u2019ultimo consiglio comunale, nell\u2019indifferenza e nel menefreghismo di tutta la parte politica di maggioranza ,\u00e8 emersa la volont\u00e0 chiara di procedere al commissariamento del parco regionale delle dune costiere. Decisione scellerata, solo perch\u00e9 gli enti consorziati del parco (Comune di Ostuni &#8211; Fasano &#8211; e provincia di Brindisi) non riescono ad esprimere nominativi condivisi circa la nomina del Presidente e dei membri della giunta esecutiva.<\/p>\n<p>Personalmente mi sarei aspettato che il Sindaco Zaccaria continuasse a confrontarsi con gli altri enti per dirimere la questione, dopo il mio solerte e accorato sollecito.<\/p>\n<p>A questo riguardo desidero far rilevare che non sono due mancate nomine (presidente e membro giunta esecutiva) a umiliare la realt\u00e0 del parco, quanto piuttosto i mesi trascorsi di assoluto disinteresse nei confronti dell\u2019operato di dieci anni, distruggendo le risorse ambientali, sociali e culturali.<\/p>\n<p>&nbsp;<\/p>\n<p>I Territori protetti dal Parco, non a caso, sono ancora uno dei pochi Beni del nostro territorio e dovrebbero essere oggetto di vanto e di massima tutela.<\/p>\n<p>Nel merito della questione, laddove ci si domanda perch\u00e9 rimanere in un\u2019istituzione senza \u201cavere voce in capitolo\u201d, forse vale solo la pena di ricordare che il Sindaco del Comune di Fasano fa comunque parte dell\u2019assemblea consortile del Parco, che ha tra i propri compiti quello di procedere alla nomina dei membri della giunta esecutiva, cariche oramai scadute il 12 aprile 2020.<\/p>\n<p>Lo stallo che ormai dal gennaio 2020 caratterizza l\u2019attivit\u00e0 di gestione del parco ha arrecato gravissimi danni al territorio e alle attivit\u00e0 su di esso insediate, come il lidi balneari, in quanto impossibilitata la giunta a rilasciare pareri.<\/p>\n<p>&nbsp;<\/p>\n<p>Tale organo, rappresentato dal sottoscritto e da Giacomo Asciano e Dino Cofano, peraltro senza presidente, a norma dell\u2019art 19 secondo comma della legge regionale 19 \/97, a seguito di uno stato di inerzia e di inattivita\u2019 non certo da imputarsi alla giunta stessa, rischierebbe il commissariamento da parte della regione, con l\u2019azzeramento di tutti gli organi presenti all\u2019interno del parco.<\/p>\n<p>&nbsp;<\/p>\n<p><em><strong>Avv. Giuseppe Colucci<\/strong><\/em><br \/>\n<em><strong>Consigliere della giunta esecutiva \u00a0del Parco delle Dune Costiere<\/strong> <\/em><\/p>\n","protected":false},"excerpt":{"rendered":"<p>\u201cNell\u2019ultimo consiglio comunale, nell\u2019indifferenza e nel menefreghismo di tutta la parte politica di maggioranza ,\u00e8 emersa la volont\u00e0 chiara di procedere al commissariamento del parco regionale delle dune costiere. Decisione scellerata, solo perch\u00e9 gli enti consorziati del parco (Comune di Ostuni &#8211; Fasano &#8211; e provincia di Brindisi) non riescono ad esprimere nominativi condivisi circa la nomina del Presidente e dei membri della giunta esecutiva. Personalmente mi sarei aspettato che il Sindaco Zaccaria continuasse a confrontarsi con gli altri enti per dirimere la questione, dopo il mio solerte e accorato sollecito. A questo riguardo desidero far rilevare che non sono due mancate nomine (presidente e membro giunta esecutiva) a umiliare la realt\u00e0 del parco, quanto piuttosto i mesi trascorsi di assoluto disinteresse nei confronti dell\u2019operato di dieci anni, distruggendo le risorse ambientali, sociali e culturali. &nbsp; I Territori protetti dal Parco, non a caso, sono ancora uno dei pochi Beni del nostro territorio e dovrebbero essere oggetto di vanto e di massima tutela. Nel merito della questione, laddove ci si&#8230;<\/p>\n","protected":false},"author":2,"featured_media":173433,"comment_status":"open","ping_status":"closed","sticky":false,"template":"","format":"standard","meta":{"footnotes":""},"categories":[7],"tags":[],"class_list":["post-173428","post","type-post","status-publish","format-standard","has-post-thumbnail","hentry","category-news"],"_links":{"self":[{"href":"https:\/\/www.brundisium.net\/index.php\/wp-json\/wp\/v2\/posts\/173428","targetHints":{"allow":["GET"]}}],"collection":[{"href":"https:\/\/www.brundisium.net\/index.php\/wp-json\/wp\/v2\/posts"}],"about":[{"href":"https:\/\/www.brundisium.net\/index.php\/wp-json\/wp\/v2\/types\/post"}],"author":[{"embeddable":true,"href":"https:\/\/www.brundisium.net\/index.php\/wp-json\/wp\/v2\/users\/2"}],"replies":[{"embeddable":true,"href":"https:\/\/www.brundisium.net\/index.php\/wp-json\/wp\/v2\/comments?post=173428"}],"version-history":[{"count":1,"href":"https:\/\/www.brundisium.net\/index.php\/wp-json\/wp\/v2\/posts\/173428\/revisions"}],"predecessor-version":[{"id":173434,"href":"https:\/\/www.brundisium.net\/index.php\/wp-json\/wp\/v2\/posts\/173428\/revisions\/173434"}],"wp:featuredmedia":[{"embeddable":true,"href":"https:\/\/www.brundisium.net\/index.php\/wp-json\/wp\/v2\/media\/173433"}],"wp:attachment":[{"href":"https:\/\/www.brundisium.net\/index.php\/wp-json\/wp\/v2\/media?parent=173428"}],"wp:term":[{"taxonomy":"category","embeddable":true,"href":"https:\/\/www.brundisium.net\/index.php\/wp-json\/wp\/v2\/categories?post=173428"},{"taxonomy":"post_tag","embeddable":true,"href":"https:\/\/www.brundisium.net\/index.php\/wp-json\/wp\/v2\/tags?post=173428"}],"curies":[{"name":"wp","href":"https:\/\/api.w.org\/{rel}","templated":true}]}}