{"id":173431,"date":"2020-06-10T19:03:28","date_gmt":"2020-06-10T17:03:28","guid":{"rendered":"http:\/\/www.brundisium.net\/?p=173431"},"modified":"2020-06-10T19:03:28","modified_gmt":"2020-06-10T17:03:28","slug":"nuovo-piano-viabilita-e-parcheggi-ce-la-condivisione-tra-associazioni-e-comune-di-brindisi","status":"publish","type":"post","link":"https:\/\/www.brundisium.net\/index.php\/nuovo-piano-viabilita-e-parcheggi-ce-la-condivisione-tra-associazioni-e-comune-di-brindisi\/","title":{"rendered":"Nuovo piano viabilit\u00e0 e parcheggi: c&#8217;\u00e8 la condivisione tra associazioni e Comune di Brindisi"},"content":{"rendered":"<p>Nel pomeriggio di ieri si \u00e8 svolto un incontro tra l\u2018Amministrazione Comunale di Brindisi, rappresentata dal Vice Sindaco Avv. Tiziana Brigante e dall\u2019assessore alle attivit\u00e0 produttive Oreste Pinto, e le Associazioni delle imprese e dei consumatori Confesercenti, ADOC Brindisi, Confcommercio e CNA.<\/p>\n<p>&nbsp;<\/p>\n<p>Durante l\u2019incontro l\u2019Amministrazione Comunale ha presentato le nuove misure di viabilit\u00e0 e parcheggi che vorrebbe adottare durante il periodo estivo e finalizzate al rilancio turistico e commerciale del centro cittadino, soprattutto per il settore \u201cfood &amp; beverage\u201d, duramente colpito dalle nuove regole di prevenzione COVID-19.<\/p>\n<p>&nbsp;<\/p>\n<p>Nel corso dell\u2019incontro \u00e8 stata ribadita dall\u2019Amministrazione Comunale la volont\u00e0 di sostenere il settore commerciale e puntare alla valorizzazione turistica del centro storico, anche attraverso la parziale pedonalizzazione dell\u2019area e l\u2019istituzione del divieto di accesso alle auto, fatta eccezione per i soli residenti.<\/p>\n<p>La chiusura al traffico, con le stesse modalit\u00e0, riguarder\u00e0 anche Corso Roma (Angolo Via Porta Lecce) e Corso Garibaldi.<\/p>\n<p>Per ora, su richiesta delle Associazioni presenti, la ZTL sar\u00e0 limitata al solo fine settimana (venerd\u00ec, sabato e domenica) e solo a partire dalle ore 20.00 della sera.<\/p>\n<p>Successivamente (a partire da venerd\u00ec 17 Luglio) la chiusura al traffico sar\u00e0 estesa a tutti i giorni della settimana, fino alla fine della stagione turistica.<\/p>\n<p>Il provvedimento presentato ha comunque suscitato diverse perplessit\u00e0 tra i presenti, soprattutto in ordine alle ripercussioni che tale decisione avr\u00e0 sul commercio locale, sui consumatori e sui residenti. Al riguardo, per agevolare il normale accesso dei consumatori e sostenere anche le tante attivit\u00e0 commerciali c.d. \u201cnon alimentari\u201d del centro, sono state evidenziata le difficolt\u00e0 di collegamento con le attuali aree di scambio (es. Via Spalato e Piazza Lenio Flacco) che necessitano di un ulteriore ampliamento.<\/p>\n<p>Nello specifico, \u00e8 stata richiamata la necessit\u00e0 di ridisegnare i parcheggi per ottimizzare gli spazi disponibili, oltre alla necessit\u00e0 di realizzazione di una nuova \u201cfermata\u201d della navetta, con pensilina coperta, scivoli per le persone diversamente abili e segnaletica informativa. Inoltre, \u00e8 stato chiesto il potenziamento del servizio navetta, che dovr\u00e0 ritornare ad essere totalmente gratuito. Sulla chiusura di Via Santi (e quindi sull\u2019accesso veicolare al Centro storico) sono state sollevate non poche preoccupazioni in relazione al rischio degrado e sicurezza dell\u2019intera zona. Su questi temi vi \u00e8 stata ampia disponibilit\u00e0 e piena condivisione tra l\u2019Amministrazione Comunale, che si \u00e8 impegnata ad accogliere gli interventi richiesti, e le Associazioni delle Imprese.<\/p>\n<p>&nbsp;<\/p>\n<p>Sulla chiusura al traffico veicolare dei Corsi e del centro storico \u00e8 stato quindi concordato che: \u2022 la nuova ZTL sar\u00e0 attivata a partire dalle ore 20.00 e per il solo fine settimana (fino al 17\/07\/20); \u2022 l\u2019ampliamento dell\u2019orario di parcheggio su Corso Garibaldi e la riduzione delle attuali tariffe. \u2022 Nel periodo di avvio del provvedimento \u00e8 stata poi chiesta la massima collaborazione della Polizia Locale, onde aiutare i consumatori ad abituarsi alle nuove regole ed evitare sanzioni.<\/p>\n<p>&nbsp;<\/p>\n<p>\u00c8 stata auspicata la costituzione di un apposito tavolo di confronto permanente con tutte le Associazioni riconosciute e gli Ordini professionali (Ingegneri, Architetti, Avvocati, Medici, ecc.), in cui discutere programmi e politiche attive per lo sviluppo della citt\u00e0 e delle attivit\u00e0 commerciali, per il ripopolamento ed il recupero architettonico ed immobiliare dell\u2019intera zona e la definizione di un programma della viabilit\u00e0 e della sosta di \u201clungo periodo\u201d. In attesa di verificare i successivi atti amministrativi per riscontrare che quanto richiesto sia stato effettivamente recepito dal Comune d Brindisi, le scriventi associazioni ritengono comunque positivo l\u2019attuale confronto e ringraziano l\u2019avv. Brigante e il dott. Pinto per la disponibilit\u00e0 dimostrata.<\/p>\n<p>&nbsp;<\/p>\n<p><em><strong>COMUNICATO STAMPA ADOC. CONFESERCENTI, CONFCOMMERCIO, CNA<\/strong><\/em><\/p>\n","protected":false},"excerpt":{"rendered":"<p>Nel pomeriggio di ieri si \u00e8 svolto un incontro tra l\u2018Amministrazione Comunale di Brindisi, rappresentata dal Vice Sindaco Avv. Tiziana Brigante e dall\u2019assessore alle attivit\u00e0 produttive Oreste Pinto, e le Associazioni delle imprese e dei consumatori Confesercenti, ADOC Brindisi, Confcommercio e CNA. &nbsp; Durante l\u2019incontro l\u2019Amministrazione Comunale ha presentato le nuove misure di viabilit\u00e0 e parcheggi che vorrebbe adottare durante il periodo estivo e finalizzate al rilancio turistico e commerciale del centro cittadino, soprattutto per il settore \u201cfood &amp; beverage\u201d, duramente colpito dalle nuove regole di prevenzione COVID-19. &nbsp; Nel corso dell\u2019incontro \u00e8 stata ribadita dall\u2019Amministrazione Comunale la volont\u00e0 di sostenere il settore commerciale e puntare alla valorizzazione turistica del centro storico, anche attraverso la parziale pedonalizzazione dell\u2019area e l\u2019istituzione del divieto di accesso alle auto, fatta eccezione per i soli residenti. La chiusura al traffico, con le stesse modalit\u00e0, riguarder\u00e0 anche Corso Roma (Angolo Via Porta Lecce) e Corso Garibaldi. Per ora, su richiesta delle Associazioni presenti, la ZTL sar\u00e0 limitata al solo fine settimana (venerd\u00ec, sabato e domenica)&#8230;<\/p>\n","protected":false},"author":2,"featured_media":171464,"comment_status":"open","ping_status":"closed","sticky":false,"template":"","format":"standard","meta":{"footnotes":""},"categories":[7],"tags":[],"class_list":["post-173431","post","type-post","status-publish","format-standard","has-post-thumbnail","hentry","category-news"],"_links":{"self":[{"href":"https:\/\/www.brundisium.net\/index.php\/wp-json\/wp\/v2\/posts\/173431","targetHints":{"allow":["GET"]}}],"collection":[{"href":"https:\/\/www.brundisium.net\/index.php\/wp-json\/wp\/v2\/posts"}],"about":[{"href":"https:\/\/www.brundisium.net\/index.php\/wp-json\/wp\/v2\/types\/post"}],"author":[{"embeddable":true,"href":"https:\/\/www.brundisium.net\/index.php\/wp-json\/wp\/v2\/users\/2"}],"replies":[{"embeddable":true,"href":"https:\/\/www.brundisium.net\/index.php\/wp-json\/wp\/v2\/comments?post=173431"}],"version-history":[{"count":1,"href":"https:\/\/www.brundisium.net\/index.php\/wp-json\/wp\/v2\/posts\/173431\/revisions"}],"predecessor-version":[{"id":173432,"href":"https:\/\/www.brundisium.net\/index.php\/wp-json\/wp\/v2\/posts\/173431\/revisions\/173432"}],"wp:featuredmedia":[{"embeddable":true,"href":"https:\/\/www.brundisium.net\/index.php\/wp-json\/wp\/v2\/media\/171464"}],"wp:attachment":[{"href":"https:\/\/www.brundisium.net\/index.php\/wp-json\/wp\/v2\/media?parent=173431"}],"wp:term":[{"taxonomy":"category","embeddable":true,"href":"https:\/\/www.brundisium.net\/index.php\/wp-json\/wp\/v2\/categories?post=173431"},{"taxonomy":"post_tag","embeddable":true,"href":"https:\/\/www.brundisium.net\/index.php\/wp-json\/wp\/v2\/tags?post=173431"}],"curies":[{"name":"wp","href":"https:\/\/api.w.org\/{rel}","templated":true}]}}