{"id":173627,"date":"2020-06-16T11:45:21","date_gmt":"2020-06-16T09:45:21","guid":{"rendered":"http:\/\/www.brundisium.net\/?p=173627"},"modified":"2020-06-16T11:45:21","modified_gmt":"2020-06-16T09:45:21","slug":"la-preoccupazione-dei-40-lavoratori-impegnati-nei-servizi-specialistici-del-comune-di-brindisi","status":"publish","type":"post","link":"https:\/\/www.brundisium.net\/index.php\/la-preoccupazione-dei-40-lavoratori-impegnati-nei-servizi-specialistici-del-comune-di-brindisi\/","title":{"rendered":"La preoccupazione dei 40 lavoratori impegnati nei servizi specialistici del Comune di Brindisi"},"content":{"rendered":"<p><em>Di seguito riportiamo integralmente una nota inviata da oltre 40 lavoratori impegnati nei servizi specialistici del Comune di Brindisi a Riccardo Rossi, Sindaco di Brindisi, ad Isabella Lettori, assessore Servizi Sociali, e per conoscenza al Presidente Emiliano ed al Presidente A.N.C.I, Antonio De Caro.<\/em><\/p>\n<p>&nbsp;<\/p>\n<p>I lavoratori dei Servizi Sociali esternalizzati: Polo Servizi Territoriali, Centro Antiviolenza, Educativa Domiciliare, esprimono il loro sconcerto rispetto alla situazione venutasi a creare nel corso di quest\u2019anno e che ha raggiunto l\u2019espressione pi\u00f9 critica nel periodo dell\u2019emergenza della pandemia, portando sospensione repentina ed ingiustificata dei Servizi Specialistici sopracitati, nonostante la possibilit\u00e0 di poter proseguire le proprie attivit\u00e0 in regime di smart- working o in modalit\u00e0 di protezione dell\u2019utenza e degli operatori dei Servizi, secondo le disposizioni governative e dell\u2019OMS.<\/p>\n<p>Quanto sopra ha avuto delle ripercussioni sugli interventi in essere a tutela delle famiglie, dei minori, degli anziani e dei singoli cittadini bisognosi di un supporto continuativo e costante, soprattutto in un periodo cos\u00ec difficile; a ci\u00f2 si aggiunge lo stato di completo abbandono delle situazioni complesse e delicate affidate su mandato dell\u2019Autorit\u00e0 Giudiziaria.<\/p>\n<p>In tale frangente i lavoratori, che garantiscono da oltre vent\u2019anni queste prestazioni essenziali per la comunit\u00e0 cittadina, esprimono preoccupazione, delusione e rabbia per la mancata proroga di alcuni Servizi, determinando l\u2019ennesima interruzione. Cosa ancor pi\u00f9 grave \u00e8, ad oggi, l\u2019assenza di una progettualit\u00e0 in linea con gli indirizzi governativi e regionali, che prevedono, invece, un potenziamento ed una implementazione degli stessi.<\/p>\n<p>Inoltre si chiede di affrontare da ora le questioni menzionate e di conoscere le scelte di programmazione politica per la continuit\u00e0 dei suddetti Servizi, in quanto la loro scadenza programmata da questa amministrazione, \u00e8 il 30 settembre del corrente anno.<br \/>\nPertanto con la presente si sostengono CISL, CGIL, COBAS nella richiesta di un incontro urgente, al fine di poter ricevere informazioni chiare ed esaustive, circa le determinazioni che questa Amministrazione intende prendere.<\/p>\n","protected":false},"excerpt":{"rendered":"<p>Di seguito riportiamo integralmente una nota inviata da oltre 40 lavoratori impegnati nei servizi specialistici del Comune di Brindisi a Riccardo Rossi, Sindaco di Brindisi, ad Isabella Lettori, assessore Servizi Sociali, e per conoscenza al Presidente Emiliano ed al Presidente A.N.C.I, Antonio De Caro. &nbsp; I lavoratori dei Servizi Sociali esternalizzati: Polo Servizi Territoriali, Centro Antiviolenza, Educativa Domiciliare, esprimono il loro sconcerto rispetto alla situazione venutasi a creare nel corso di quest\u2019anno e che ha raggiunto l\u2019espressione pi\u00f9 critica nel periodo dell\u2019emergenza della pandemia, portando sospensione repentina ed ingiustificata dei Servizi Specialistici sopracitati, nonostante la possibilit\u00e0 di poter proseguire le proprie attivit\u00e0 in regime di smart- working o in modalit\u00e0 di protezione dell\u2019utenza e degli operatori dei Servizi, secondo le disposizioni governative e dell\u2019OMS. Quanto sopra ha avuto delle ripercussioni sugli interventi in essere a tutela delle famiglie, dei minori, degli anziani e dei singoli cittadini bisognosi di un supporto continuativo e costante, soprattutto in un periodo cos\u00ec difficile; a ci\u00f2 si aggiunge lo stato di completo abbandono delle situazioni&#8230;<\/p>\n","protected":false},"author":2,"featured_media":173569,"comment_status":"open","ping_status":"closed","sticky":false,"template":"","format":"standard","meta":{"footnotes":""},"categories":[7],"tags":[],"class_list":["post-173627","post","type-post","status-publish","format-standard","has-post-thumbnail","hentry","category-news"],"_links":{"self":[{"href":"https:\/\/www.brundisium.net\/index.php\/wp-json\/wp\/v2\/posts\/173627","targetHints":{"allow":["GET"]}}],"collection":[{"href":"https:\/\/www.brundisium.net\/index.php\/wp-json\/wp\/v2\/posts"}],"about":[{"href":"https:\/\/www.brundisium.net\/index.php\/wp-json\/wp\/v2\/types\/post"}],"author":[{"embeddable":true,"href":"https:\/\/www.brundisium.net\/index.php\/wp-json\/wp\/v2\/users\/2"}],"replies":[{"embeddable":true,"href":"https:\/\/www.brundisium.net\/index.php\/wp-json\/wp\/v2\/comments?post=173627"}],"version-history":[{"count":1,"href":"https:\/\/www.brundisium.net\/index.php\/wp-json\/wp\/v2\/posts\/173627\/revisions"}],"predecessor-version":[{"id":173628,"href":"https:\/\/www.brundisium.net\/index.php\/wp-json\/wp\/v2\/posts\/173627\/revisions\/173628"}],"wp:featuredmedia":[{"embeddable":true,"href":"https:\/\/www.brundisium.net\/index.php\/wp-json\/wp\/v2\/media\/173569"}],"wp:attachment":[{"href":"https:\/\/www.brundisium.net\/index.php\/wp-json\/wp\/v2\/media?parent=173627"}],"wp:term":[{"taxonomy":"category","embeddable":true,"href":"https:\/\/www.brundisium.net\/index.php\/wp-json\/wp\/v2\/categories?post=173627"},{"taxonomy":"post_tag","embeddable":true,"href":"https:\/\/www.brundisium.net\/index.php\/wp-json\/wp\/v2\/tags?post=173627"}],"curies":[{"name":"wp","href":"https:\/\/api.w.org\/{rel}","templated":true}]}}