{"id":173698,"date":"2020-06-18T10:26:21","date_gmt":"2020-06-18T08:26:21","guid":{"rendered":"http:\/\/www.brundisium.net\/?p=173698"},"modified":"2020-06-18T12:29:30","modified_gmt":"2020-06-18T10:29:30","slug":"progetto-per-litalia-confluisce-in-forza-italia-si-profila-candidatura-alle-regionali-per-lex-senatore-curto","status":"publish","type":"post","link":"https:\/\/www.brundisium.net\/index.php\/progetto-per-litalia-confluisce-in-forza-italia-si-profila-candidatura-alle-regionali-per-lex-senatore-curto\/","title":{"rendered":"Progetto per l&#8217;Italia confluisce in Forza Italia. Si profila candidatura alle Regionali per l&#8217;ex senatore Curto"},"content":{"rendered":"<p>La classe dirigente di \u201cProgetto per l\u2019Italia\u201d, movimento politico-culturale di Francavilla Fontana, valutata l\u2019attuale situazione politica, sia a livello nazionale che a livello regionale, alla luce del consolidarsi delle diverse aggregazioni in campo, unitamente alla diversit\u00e0 dell\u2019offerta politico-amministrativa da queste portata, dopo un approfondito ed appassionato dibattito al proprio interno, anche in vista dei prossimi appuntamenti elettorali che interesseranno la Regione Puglia nel prossimo futuro, ribadisce convintamente la propria appartenenza, a tutti i livelli, al campo del centrodestra.<\/p>\n<p>Purtuttavia, in questo particolare momento storico \u201cProgetto per L\u2019Italia\u201d, pur rivendicando con orgoglio la propria esperienza civica, non intende nascondere, n\u00e9 a se n\u00e9 agli altri, quelli che sono i limiti del cosiddetto civismo, sia dal punto di vista della capacit\u00e0 aggregativa sia dal punto di vista dell\u2019azione politicain riferimento alla velocit\u00e0 di reazione e risposta riguardo alle innumerevoli questioni che interessano la nostra societ\u00e0 nel suo quotidiano divenire.<\/p>\n<p>In virt\u00f9 di tanto, i suddetti Dirigenti, ribadendo di riconoscersi appieno nei valori moderati del fronte liberal-conservatore, concordemente,hanno deciso di aderire alla grande famiglia di \u201cForza Italia\u201d all\u2019interno della quale sperano di poter portare le esperienze, le capacit\u00e0 e le competenze coltivate con cos\u00ec tantadeterminazione e passione nel corso del proprio impegno politico. Adesione che Forza Italia ha accolto con grande favore ed entusiasmo sperando che essa sia foriera di una nuova e pi\u00f9 efficace azione politica sul territorio.<\/p>\n<p>A tal fine \u201cProgetto per l\u2019Italia\u201d e \u201cForza Italia\u201d annunciano, per Domenica 21 Giugno 2020, alle ore 10, nell\u2019atrio del Castello Imperiali, una Conferenza Stampa congiunta, alla presenza del Coordinatore Regionale di Forza Italia On. Mauro D\u2019Attis e della Coordinatrice Provinciale Laura De Mola.<\/p>\n<p>&nbsp;<\/p>\n<p>COMUNICATO STAMPA PROGETTO PER L&#8217;ITALIA<\/p>\n","protected":false},"excerpt":{"rendered":"<p>La classe dirigente di \u201cProgetto per l\u2019Italia\u201d, movimento politico-culturale di Francavilla Fontana, valutata l\u2019attuale situazione politica, sia a livello nazionale che a livello regionale, alla luce del consolidarsi delle diverse aggregazioni in campo, unitamente alla diversit\u00e0 dell\u2019offerta politico-amministrativa da queste portata, dopo un approfondito ed appassionato dibattito al proprio interno, anche in vista dei prossimi appuntamenti elettorali che interesseranno la Regione Puglia nel prossimo futuro, ribadisce convintamente la propria appartenenza, a tutti i livelli, al campo del centrodestra. Purtuttavia, in questo particolare momento storico \u201cProgetto per L\u2019Italia\u201d, pur rivendicando con orgoglio la propria esperienza civica, non intende nascondere, n\u00e9 a se n\u00e9 agli altri, quelli che sono i limiti del cosiddetto civismo, sia dal punto di vista della capacit\u00e0 aggregativa sia dal punto di vista dell\u2019azione politicain riferimento alla velocit\u00e0 di reazione e risposta riguardo alle innumerevoli questioni che interessano la nostra societ\u00e0 nel suo quotidiano divenire. In virt\u00f9 di tanto, i suddetti Dirigenti, ribadendo di riconoscersi appieno nei valori moderati del fronte liberal-conservatore, concordemente,hanno deciso di aderire alla grande&#8230;<\/p>\n","protected":false},"author":2,"featured_media":107627,"comment_status":"open","ping_status":"closed","sticky":false,"template":"","format":"standard","meta":{"footnotes":""},"categories":[7],"tags":[],"class_list":["post-173698","post","type-post","status-publish","format-standard","has-post-thumbnail","hentry","category-news"],"_links":{"self":[{"href":"https:\/\/www.brundisium.net\/index.php\/wp-json\/wp\/v2\/posts\/173698","targetHints":{"allow":["GET"]}}],"collection":[{"href":"https:\/\/www.brundisium.net\/index.php\/wp-json\/wp\/v2\/posts"}],"about":[{"href":"https:\/\/www.brundisium.net\/index.php\/wp-json\/wp\/v2\/types\/post"}],"author":[{"embeddable":true,"href":"https:\/\/www.brundisium.net\/index.php\/wp-json\/wp\/v2\/users\/2"}],"replies":[{"embeddable":true,"href":"https:\/\/www.brundisium.net\/index.php\/wp-json\/wp\/v2\/comments?post=173698"}],"version-history":[{"count":1,"href":"https:\/\/www.brundisium.net\/index.php\/wp-json\/wp\/v2\/posts\/173698\/revisions"}],"predecessor-version":[{"id":173699,"href":"https:\/\/www.brundisium.net\/index.php\/wp-json\/wp\/v2\/posts\/173698\/revisions\/173699"}],"wp:featuredmedia":[{"embeddable":true,"href":"https:\/\/www.brundisium.net\/index.php\/wp-json\/wp\/v2\/media\/107627"}],"wp:attachment":[{"href":"https:\/\/www.brundisium.net\/index.php\/wp-json\/wp\/v2\/media?parent=173698"}],"wp:term":[{"taxonomy":"category","embeddable":true,"href":"https:\/\/www.brundisium.net\/index.php\/wp-json\/wp\/v2\/categories?post=173698"},{"taxonomy":"post_tag","embeddable":true,"href":"https:\/\/www.brundisium.net\/index.php\/wp-json\/wp\/v2\/tags?post=173698"}],"curies":[{"name":"wp","href":"https:\/\/api.w.org\/{rel}","templated":true}]}}