{"id":173777,"date":"2020-06-20T02:20:10","date_gmt":"2020-06-20T00:20:10","guid":{"rendered":"http:\/\/www.brundisium.net\/?p=173777"},"modified":"2020-06-20T13:25:48","modified_gmt":"2020-06-20T11:25:48","slug":"un-nuovo-consigliere-a-san-michele-s-no-e-lex-poliziotto-cosimo-antonio-vitale","status":"publish","type":"post","link":"https:\/\/www.brundisium.net\/index.php\/un-nuovo-consigliere-a-san-michele-s-no-e-lex-poliziotto-cosimo-antonio-vitale\/","title":{"rendered":"Un nuovo consigliere a San Michele S.no: \u00e8 l&#8217;ex poliziotto Cosimo Antonio Vitale"},"content":{"rendered":"<p>C\u2019\u00e8 un nuovo ingresso nei banchi della maggioranza in Consiglio Comunale guidato dal sindaco Giovanni Allegrini.<br \/>\nSi tratta di Cosimo Antonio Vitale, gi\u00e0 appartenente alla Polizia di Stato, secondo dei non eletti nella lista \u201cCambiamo San Michele\u201d con 130 voti ottenuti.<br \/>\nA seguito delle dimissioni da consigliere comunale di Vitantonio Scatigna che, con decreto sindacale n.14\/2020 continuer\u00e0, da esterno a ricoprire il ruolo di assessore ai servizi sociali e sanit\u00e0 e vice sindaco, Cosimo Antonio Vitale entra in consiglio comunale, anche, per rinuncia dello stesso ruolo di Davide Caliandro, primo dei non eletti.<br \/>\n\u201cLe motivazioni \u2013 spiegano Vitantonio Scatigna \u2013 risiedono nella volont\u00e0 di rafforzare questa maggioranza con un altro consigliere di indiscusse capacit\u00e0 politiche e amministrative. A Cosimo Antonio Vitale i miei migliori auguri per questa ennesima esperienza politica che, senza dubbio, porter\u00e0 avanti con impegno, onest\u00e0 e coerenza, valori che contraddistinguono da sempre la sua vita, privata e professionale\u201d.<br \/>\nVitale, nel saluto all\u2019Assise che si \u00e8 riunita questa mattina dopo l\u2019emergenza Covid-19, ha ringraziato il Sindaco, la Giunta ed i colleghi Consiglieri: \u201cCome nel passato, la mia azione politica sar\u00e0 improntata nel rispetto delle istituzioni e del ruolo che i cittadini mi hanno affidato. Consentitemi di esprimere il mio pi\u00f9 sincero sentimento di gratitudine all\u2019assessore Vitantonio Scatigna che, con le sue dimissioni, mi ha permesso di essere qui oggi, sedere tra questi banchi e avere l\u2019opportunit\u00e0 di rappresentare ogni cittadino sanmichelano perch\u00e9 dare il proprio contributo al miglioramento della vita di un concittadino \u00e8 un privilegio, umano prima che istituzionale. Quando, nel 2017, ho accettato di stare accanto al candidato sindaco Giovanni Allegrini, dopo i precedenti anni di esperienza politica comune e condivisa, l\u2019ho fatto perch\u00e9 alla base del programma di questa squadra vi erano valori, contenuti e obiettivi precisi e decisivi per un cambio di rotta rispetto alla politica del passato. Questa era ed \u00e8 la pi\u00f9 grande responsabilit\u00e0 che abbiamo nei confronti del nostro paese e dei cittadini e questo sar\u00e0 il mio impegno, lavorando con il sindaco Allegrini, gli assessori ed i colleghi consiglieri della maggioranza\u201d.<br \/>\nVitale, gi\u00e0 nel gruppo locale di Protezione Civile, avr\u00e0 da consigliere la delega alla Polizia Locale. <\/p>\n","protected":false},"excerpt":{"rendered":"<p>C\u2019\u00e8 un nuovo ingresso nei banchi della maggioranza in Consiglio Comunale guidato dal sindaco Giovanni Allegrini. Si tratta di Cosimo Antonio Vitale, gi\u00e0 appartenente alla Polizia di Stato, secondo dei non eletti nella lista \u201cCambiamo San Michele\u201d con 130 voti ottenuti. A seguito delle dimissioni da consigliere comunale di Vitantonio Scatigna che, con decreto sindacale n.14\/2020 continuer\u00e0, da esterno a ricoprire il ruolo di assessore ai servizi sociali e sanit\u00e0 e vice sindaco, Cosimo Antonio Vitale entra in consiglio comunale, anche, per rinuncia dello stesso ruolo di Davide Caliandro, primo dei non eletti. \u201cLe motivazioni \u2013 spiegano Vitantonio Scatigna \u2013 risiedono nella volont\u00e0 di rafforzare questa maggioranza con un altro consigliere di indiscusse capacit\u00e0 politiche e amministrative. A Cosimo Antonio Vitale i miei migliori auguri per questa ennesima esperienza politica che, senza dubbio, porter\u00e0 avanti con impegno, onest\u00e0 e coerenza, valori che contraddistinguono da sempre la sua vita, privata e professionale\u201d. Vitale, nel saluto all\u2019Assise che si \u00e8 riunita questa mattina dopo l\u2019emergenza Covid-19, ha ringraziato il Sindaco, la Giunta&#8230;<\/p>\n","protected":false},"author":2,"featured_media":173780,"comment_status":"open","ping_status":"closed","sticky":false,"template":"","format":"standard","meta":{"footnotes":""},"categories":[7],"tags":[],"class_list":["post-173777","post","type-post","status-publish","format-standard","has-post-thumbnail","hentry","category-news"],"_links":{"self":[{"href":"https:\/\/www.brundisium.net\/index.php\/wp-json\/wp\/v2\/posts\/173777","targetHints":{"allow":["GET"]}}],"collection":[{"href":"https:\/\/www.brundisium.net\/index.php\/wp-json\/wp\/v2\/posts"}],"about":[{"href":"https:\/\/www.brundisium.net\/index.php\/wp-json\/wp\/v2\/types\/post"}],"author":[{"embeddable":true,"href":"https:\/\/www.brundisium.net\/index.php\/wp-json\/wp\/v2\/users\/2"}],"replies":[{"embeddable":true,"href":"https:\/\/www.brundisium.net\/index.php\/wp-json\/wp\/v2\/comments?post=173777"}],"version-history":[{"count":1,"href":"https:\/\/www.brundisium.net\/index.php\/wp-json\/wp\/v2\/posts\/173777\/revisions"}],"predecessor-version":[{"id":173781,"href":"https:\/\/www.brundisium.net\/index.php\/wp-json\/wp\/v2\/posts\/173777\/revisions\/173781"}],"wp:featuredmedia":[{"embeddable":true,"href":"https:\/\/www.brundisium.net\/index.php\/wp-json\/wp\/v2\/media\/173780"}],"wp:attachment":[{"href":"https:\/\/www.brundisium.net\/index.php\/wp-json\/wp\/v2\/media?parent=173777"}],"wp:term":[{"taxonomy":"category","embeddable":true,"href":"https:\/\/www.brundisium.net\/index.php\/wp-json\/wp\/v2\/categories?post=173777"},{"taxonomy":"post_tag","embeddable":true,"href":"https:\/\/www.brundisium.net\/index.php\/wp-json\/wp\/v2\/tags?post=173777"}],"curies":[{"name":"wp","href":"https:\/\/api.w.org\/{rel}","templated":true}]}}