{"id":173847,"date":"2020-06-22T17:42:51","date_gmt":"2020-06-22T15:42:51","guid":{"rendered":"http:\/\/www.brundisium.net\/?p=173847"},"modified":"2020-06-22T21:46:16","modified_gmt":"2020-06-22T19:46:16","slug":"nomina-garante-delle-disabilita-la-nota-delle-opposizioni-di-centrodestra","status":"publish","type":"post","link":"https:\/\/www.brundisium.net\/index.php\/nomina-garante-delle-disabilita-la-nota-delle-opposizioni-di-centrodestra\/","title":{"rendered":"Nomina Garante delle Disabilit\u00e0: la nota delle opposizioni di centrodestra"},"content":{"rendered":"<p>Sembra proprio che, pi\u00f9 che una democrazia, il Comune di Brindisi stia vivendo una nuova monarchia, neanche tanto illuminata: sempre pi\u00f9 evidente, infatti, \u00e8 l&#8217;azione accentratrice da parte del sindaco ed una spasmodica voglia di avocare a s\u00e9 tutte le decisioni.<\/p>\n<p>Tale condotta \u00e8 evidente nell&#8217;uso ed abuso di ordinanze e in quanto sta accadendo a proposito della nomina del Garante della Disabilit\u00e0, che doveva essere sintesi di un confronto tra maggioranza, opposizione e amministrazione, e che oggi si sta rivelando una farsa, volendo il Sindaco riservare a s\u00e9 la nomina e, soprattutto, la sua destituzione.<\/p>\n<p>Ed, infatti, su questa figura, la cui istituzione \u00e8 stata richiesta sin dall&#8217;inizio dell&#8217;insediamento del Consiglio comunale da un componente della opposizione (l&#8217;avv. Carmela Lo Martire) ma che sembrava fosse voluta da tutti senza alcuna distinzione, e che dovrebbe essere una figura di garanzia, si sta consumando una vera e propria battaglia: da una parte chi vuole riservarsi un potere\/privilegio da consumarsi nelle proprie stanze, dall&#8217;altro chi chiede che questa nomina avvenga in Consiglio Comunale, con una procedura pubblica.<\/p>\n<p>Gi\u00e0 nel corso della Commissione Consiliare Permanente Servizi Sociali del 15 Giugno scorso, cos\u00ec come nella precedente Commissione Speciale Statuto e Regolamenti, i rappresentanti dei gruppi dei partiti di opposizione scriventi avevano sollevato, con tanto di dichiarazioni annesse ai verbali, delle forti perplessit\u00e0 circa il metodo di nomina della figura del Garante della Disabilit\u00e0, chiedendo che la scelta fosse quanto pi\u00f9 trasparente, condivisa e condivisibile possibile, stante la delicatezza del ruolo e delle tematiche da trattare.<\/p>\n<p>Riservandosi la nomina e la destituzione del Garante, senza neanche una motivazione e\/o giustificazione, questa persona, in tutto e per tutto nominata, perderebbe ogni caratteristica di indipendenza: \u00e8 infatti evidente che, per poter esercitare le proprie funzioni di controllo nei confronti dell&#8217;amministrazione e degli enti alla stessa collegati, bisogna essere autonomi e non dipendere dal capo della stessa.<\/p>\n<p>Non si possono cos\u00ec mettere da parte i principi democratici con uno schiaffo alla cittadinanza, soprattutto a quelli che hanno veramente creduto ai principi di trasparenza, legalit\u00e0 ed imparzialit\u00e0 oggi tranquillamente calpestati con l&#8217;imposizione di nomine e distribuzione di incarichi.<\/p>\n<p>&nbsp;<\/p>\n<p>I Consiglieri Comunali di opposizione<\/p>\n<p>Gabriele ANTONINO<br \/>\nCarmela LO MARTIRE<br \/>\nLuciano LOIACONO<br \/>\nErcole SAPONARO<br \/>\nMassimiliano OGGIANO<br \/>\nUmberto RIBEZZI<\/p>\n","protected":false},"excerpt":{"rendered":"<p>Sembra proprio che, pi\u00f9 che una democrazia, il Comune di Brindisi stia vivendo una nuova monarchia, neanche tanto illuminata: sempre pi\u00f9 evidente, infatti, \u00e8 l&#8217;azione accentratrice da parte del sindaco ed una spasmodica voglia di avocare a s\u00e9 tutte le decisioni. Tale condotta \u00e8 evidente nell&#8217;uso ed abuso di ordinanze e in quanto sta accadendo a proposito della nomina del Garante della Disabilit\u00e0, che doveva essere sintesi di un confronto tra maggioranza, opposizione e amministrazione, e che oggi si sta rivelando una farsa, volendo il Sindaco riservare a s\u00e9 la nomina e, soprattutto, la sua destituzione. Ed, infatti, su questa figura, la cui istituzione \u00e8 stata richiesta sin dall&#8217;inizio dell&#8217;insediamento del Consiglio comunale da un componente della opposizione (l&#8217;avv. Carmela Lo Martire) ma che sembrava fosse voluta da tutti senza alcuna distinzione, e che dovrebbe essere una figura di garanzia, si sta consumando una vera e propria battaglia: da una parte chi vuole riservarsi un potere\/privilegio da consumarsi nelle proprie stanze, dall&#8217;altro chi chiede che questa nomina avvenga in Consiglio&#8230;<\/p>\n","protected":false},"author":2,"featured_media":35810,"comment_status":"open","ping_status":"closed","sticky":false,"template":"","format":"standard","meta":{"footnotes":""},"categories":[7],"tags":[],"class_list":["post-173847","post","type-post","status-publish","format-standard","has-post-thumbnail","hentry","category-news"],"_links":{"self":[{"href":"https:\/\/www.brundisium.net\/index.php\/wp-json\/wp\/v2\/posts\/173847","targetHints":{"allow":["GET"]}}],"collection":[{"href":"https:\/\/www.brundisium.net\/index.php\/wp-json\/wp\/v2\/posts"}],"about":[{"href":"https:\/\/www.brundisium.net\/index.php\/wp-json\/wp\/v2\/types\/post"}],"author":[{"embeddable":true,"href":"https:\/\/www.brundisium.net\/index.php\/wp-json\/wp\/v2\/users\/2"}],"replies":[{"embeddable":true,"href":"https:\/\/www.brundisium.net\/index.php\/wp-json\/wp\/v2\/comments?post=173847"}],"version-history":[{"count":1,"href":"https:\/\/www.brundisium.net\/index.php\/wp-json\/wp\/v2\/posts\/173847\/revisions"}],"predecessor-version":[{"id":173850,"href":"https:\/\/www.brundisium.net\/index.php\/wp-json\/wp\/v2\/posts\/173847\/revisions\/173850"}],"wp:featuredmedia":[{"embeddable":true,"href":"https:\/\/www.brundisium.net\/index.php\/wp-json\/wp\/v2\/media\/35810"}],"wp:attachment":[{"href":"https:\/\/www.brundisium.net\/index.php\/wp-json\/wp\/v2\/media?parent=173847"}],"wp:term":[{"taxonomy":"category","embeddable":true,"href":"https:\/\/www.brundisium.net\/index.php\/wp-json\/wp\/v2\/categories?post=173847"},{"taxonomy":"post_tag","embeddable":true,"href":"https:\/\/www.brundisium.net\/index.php\/wp-json\/wp\/v2\/tags?post=173847"}],"curies":[{"name":"wp","href":"https:\/\/api.w.org\/{rel}","templated":true}]}}