{"id":174127,"date":"2020-06-29T16:13:01","date_gmt":"2020-06-29T14:13:01","guid":{"rendered":"http:\/\/www.brundisium.net\/?p=174127"},"modified":"2020-06-29T16:13:01","modified_gmt":"2020-06-29T14:13:01","slug":"vertenza-auchan-bozzetti-necessario-che-la-regione-faccia-la-sua-parte-per-tutelare-i-lavoratori-dellipermercato","status":"publish","type":"post","link":"https:\/\/www.brundisium.net\/index.php\/vertenza-auchan-bozzetti-necessario-che-la-regione-faccia-la-sua-parte-per-tutelare-i-lavoratori-dellipermercato\/","title":{"rendered":"Vertenza Auchan. Bozzetti: \u201cNecessario che la Regione faccia la sua parte per tutelare i lavoratori dell\u2019ipermercato\u201d"},"content":{"rendered":"<p>\u201cAncora una volta chiediamo alla Regione Puglia, all&#8217;assessore al lavoro Sebastiano Leo, al presidente Emiliano e al Presidente della Task Force Leo Caroli di fare la loro parte nella risoluzione della vertenza Auchan per garantire la tutela dei livelli occupazionali nell&#8217;ipermercato di Mesagne, in cui sono occupati 167 lavoratori, che chiedono solo certezze per il futuro dopo anni di lavoro\u201d.  Lo dichiara il consigliere regionale del M5S Gianluca Bozzetti in seguito alla nota con cui le organizzazioni sindacali hanno chiesto l\u2019incontro con Margherita Distribuzione, che subentrer\u00e0 ad Auchan nella gestione dell\u2019ipermercato di Mesagne.<br \/>\n\u201cCondividiamo le loro preoccupazioni &#8211; continua Bozzetti &#8211; in merito all&#8217;atteggiamento da parte di Margherita Distribuzione che ad oggi non ha ancora risposto alle loro richieste per confrontarsi sul piano occupazionale e su eventuali esuberi. Appoggiamo i sindacati che hanno annunciato lo sciopero di 48 ore, nel caso di mancata convocazione dell\u2019incontro richiesto. Come rappresentante istituzionale del territorio sto seguendo l&#8217;evolversi della situazione e voglio comprendere come Margherita intenda mantenere gli attuali livelli occupazionali e perch\u00e9 non sia ancora stata attivata la procedura di mobilit\u00e0 interna cos\u00ec da permettere ai dipendenti di potersi spostare in altre sedi qualora ce ne fossero le condizioni\u201d.<br \/>\nBozzetti ricorda di essere stato il promotore in Consiglio regionale della mozione votata all&#8217;unanimit\u00e0 con cui si impegnava la Regione a convocare i tavoli con l&#8217;azienda affinch\u00e9 si mettessero in campo azioni utili ad evitare esuberi.<br \/>\n\u201cBisogna lavorare attraverso misure regionali di sostegno al lavoro &#8211; incalza il pentastellato &#8211; per evitare che anche un solo lavoratore rimanga a casa, per questo torno a chiedere con forza una nuova ed immediata convocazione del tavolo di task-force alla presenza dei sindacati ma soprattutto di Margherita Distribuzione cos\u00ec da poter serenamente discutere tutte le iniziative utili alla risoluzione della vertenza. \u00c8 necessario capire inoltre che fine faranno i circa 3000 metri quadri di ipermercato (su un totale di circa 8000) che non rientrano pi\u00f9 nel piano di investimenti di Margherita Distribuzione. Con la riduzione della metratura utilizzata dall&#8217;ipermercato, sar\u00e0 necessario capire quanti e quali settori del personale verranno coinvolti nella riorganizzazione e cosa si vorr\u00e0 fare per una loro adeguata ricollocazione. Non \u00e8 chiaro inoltre perch\u00e9 non sia stato utilizzato lo stesso metodo su tutto il territorio regionale: negli altri Auchan pugliesi, infatti, tutti i dipendenti pare siano stati trasferiti sotto l&#8217;ombrello di Conad garantendo cos\u00ec il mantenimento dei livelli occupazionali, questo per\u00f2 non \u00e8 avvenuto per l&#8217;iper di Mesagne, confermando l&#8217;atteggiamento disparitario nei confronti delle realt\u00e0 presenti nella provincia di Brindisi. Lo ripeto: ognuno deve farla sua parte e cos\u00ec come il sindaco di Mesagne siamo sicuri non far\u00e0 mancare il suo supporto nella gestione delle varie licenze commerciali sul territorio mesagnese, la Regione Puglia deve intervenire per mettere intorno a un tavolo Margherita Distribuzione e i sindacati, e attivarsi per far partire ogni utile iniziativa per impedire che venga fatto anche un solo esubero. In questa battaglia siamo tutti dalla stessa parte, ma non accettiamo pi\u00f9 disparit\u00e0 di trattamento tra province\u201d.\/comunicato  <\/p>\n","protected":false},"excerpt":{"rendered":"<p>\u201cAncora una volta chiediamo alla Regione Puglia, all&#8217;assessore al lavoro Sebastiano Leo, al presidente Emiliano e al Presidente della Task Force Leo Caroli di fare la loro parte nella risoluzione della vertenza Auchan per garantire la tutela dei livelli occupazionali nell&#8217;ipermercato di Mesagne, in cui sono occupati 167 lavoratori, che chiedono solo certezze per il futuro dopo anni di lavoro\u201d. Lo dichiara il consigliere regionale del M5S Gianluca Bozzetti in seguito alla nota con cui le organizzazioni sindacali hanno chiesto l\u2019incontro con Margherita Distribuzione, che subentrer\u00e0 ad Auchan nella gestione dell\u2019ipermercato di Mesagne. \u201cCondividiamo le loro preoccupazioni &#8211; continua Bozzetti &#8211; in merito all&#8217;atteggiamento da parte di Margherita Distribuzione che ad oggi non ha ancora risposto alle loro richieste per confrontarsi sul piano occupazionale e su eventuali esuberi. Appoggiamo i sindacati che hanno annunciato lo sciopero di 48 ore, nel caso di mancata convocazione dell\u2019incontro richiesto. Come rappresentante istituzionale del territorio sto seguendo l&#8217;evolversi della situazione e voglio comprendere come Margherita intenda mantenere gli attuali livelli occupazionali e perch\u00e9 non&#8230;<\/p>\n","protected":false},"author":2,"featured_media":120410,"comment_status":"open","ping_status":"closed","sticky":false,"template":"","format":"standard","meta":{"footnotes":""},"categories":[7],"tags":[],"class_list":["post-174127","post","type-post","status-publish","format-standard","has-post-thumbnail","hentry","category-news"],"_links":{"self":[{"href":"https:\/\/www.brundisium.net\/index.php\/wp-json\/wp\/v2\/posts\/174127","targetHints":{"allow":["GET"]}}],"collection":[{"href":"https:\/\/www.brundisium.net\/index.php\/wp-json\/wp\/v2\/posts"}],"about":[{"href":"https:\/\/www.brundisium.net\/index.php\/wp-json\/wp\/v2\/types\/post"}],"author":[{"embeddable":true,"href":"https:\/\/www.brundisium.net\/index.php\/wp-json\/wp\/v2\/users\/2"}],"replies":[{"embeddable":true,"href":"https:\/\/www.brundisium.net\/index.php\/wp-json\/wp\/v2\/comments?post=174127"}],"version-history":[{"count":1,"href":"https:\/\/www.brundisium.net\/index.php\/wp-json\/wp\/v2\/posts\/174127\/revisions"}],"predecessor-version":[{"id":174129,"href":"https:\/\/www.brundisium.net\/index.php\/wp-json\/wp\/v2\/posts\/174127\/revisions\/174129"}],"wp:featuredmedia":[{"embeddable":true,"href":"https:\/\/www.brundisium.net\/index.php\/wp-json\/wp\/v2\/media\/120410"}],"wp:attachment":[{"href":"https:\/\/www.brundisium.net\/index.php\/wp-json\/wp\/v2\/media?parent=174127"}],"wp:term":[{"taxonomy":"category","embeddable":true,"href":"https:\/\/www.brundisium.net\/index.php\/wp-json\/wp\/v2\/categories?post=174127"},{"taxonomy":"post_tag","embeddable":true,"href":"https:\/\/www.brundisium.net\/index.php\/wp-json\/wp\/v2\/tags?post=174127"}],"curies":[{"name":"wp","href":"https:\/\/api.w.org\/{rel}","templated":true}]}}