{"id":174191,"date":"2020-06-30T20:48:10","date_gmt":"2020-06-30T18:48:10","guid":{"rendered":"http:\/\/www.brundisium.net\/?p=174191"},"modified":"2020-06-30T20:48:10","modified_gmt":"2020-06-30T18:48:10","slug":"il-premio-felder-al-sanvitese-gianvito-vile-conte-motivo-di-orgoglio-per-la-nostra-comunita","status":"publish","type":"post","link":"https:\/\/www.brundisium.net\/index.php\/il-premio-felder-al-sanvitese-gianvito-vile-conte-motivo-di-orgoglio-per-la-nostra-comunita\/","title":{"rendered":"Il Premio Felder al sanvitese Gianvito Vil\u00e8, Conte: &#8220;motivo di orgoglio per la nostra comunit\u00e0&#8221;"},"content":{"rendered":"<p>\u201cCon immensa gioia e motivato orgoglio, ho appreso che un nostro giovane concittadino, Gianvito Vil\u00e8, affermatosi da anni all\u2019estero quale giovane e brillante ricercatore, grazie al prestigioso premio Felder potr\u00e0 rientrare in Italia e sviluppare qui la sua ricerca d\u2019avanguardia nel settore della microfluidica in campo farmaceutico\u201d: \u00e8 il commento del sindaco di San Vito dei Normanni, Domenico Conte, alla notizia che al giovane talento sanvitese \u00e8 stato assegnato il premio istituito dalla Fondazione Bracco, grazie al quale, appunto, potr\u00e0 operare in Italia e, in particolare, presso i nuovi laboratori del Politecnico di Milano e presso il Centro Ricerche Bracco di Ivrea.<br \/>\n\u201cA lui, ai suoi genitori, ai suoi famigliari, il plauso a nome personale e dell\u2019intera comunit\u00e0 sanvitese. Sono e siamo davvero fieri di questo nostro concittadino\u201d.<br \/>\n.<\/p>\n","protected":false},"excerpt":{"rendered":"<p>\u201cCon immensa gioia e motivato orgoglio, ho appreso che un nostro giovane concittadino, Gianvito Vil\u00e8, affermatosi da anni all\u2019estero quale giovane e brillante ricercatore, grazie al prestigioso premio Felder potr\u00e0 rientrare in Italia e sviluppare qui la sua ricerca d\u2019avanguardia nel settore della microfluidica in campo farmaceutico\u201d: \u00e8 il commento del sindaco di San Vito dei Normanni, Domenico Conte, alla notizia che al giovane talento sanvitese \u00e8 stato assegnato il premio istituito dalla Fondazione Bracco, grazie al quale, appunto, potr\u00e0 operare in Italia e, in particolare, presso i nuovi laboratori del Politecnico di Milano e presso il Centro Ricerche Bracco di Ivrea. \u201cA lui, ai suoi genitori, ai suoi famigliari, il plauso a nome personale e dell\u2019intera comunit\u00e0 sanvitese. Sono e siamo davvero fieri di questo nostro concittadino\u201d. .<\/p>\n","protected":false},"author":2,"featured_media":174193,"comment_status":"open","ping_status":"closed","sticky":false,"template":"","format":"standard","meta":{"footnotes":""},"categories":[7],"tags":[],"class_list":["post-174191","post","type-post","status-publish","format-standard","has-post-thumbnail","hentry","category-news"],"_links":{"self":[{"href":"https:\/\/www.brundisium.net\/index.php\/wp-json\/wp\/v2\/posts\/174191","targetHints":{"allow":["GET"]}}],"collection":[{"href":"https:\/\/www.brundisium.net\/index.php\/wp-json\/wp\/v2\/posts"}],"about":[{"href":"https:\/\/www.brundisium.net\/index.php\/wp-json\/wp\/v2\/types\/post"}],"author":[{"embeddable":true,"href":"https:\/\/www.brundisium.net\/index.php\/wp-json\/wp\/v2\/users\/2"}],"replies":[{"embeddable":true,"href":"https:\/\/www.brundisium.net\/index.php\/wp-json\/wp\/v2\/comments?post=174191"}],"version-history":[{"count":1,"href":"https:\/\/www.brundisium.net\/index.php\/wp-json\/wp\/v2\/posts\/174191\/revisions"}],"predecessor-version":[{"id":174194,"href":"https:\/\/www.brundisium.net\/index.php\/wp-json\/wp\/v2\/posts\/174191\/revisions\/174194"}],"wp:featuredmedia":[{"embeddable":true,"href":"https:\/\/www.brundisium.net\/index.php\/wp-json\/wp\/v2\/media\/174193"}],"wp:attachment":[{"href":"https:\/\/www.brundisium.net\/index.php\/wp-json\/wp\/v2\/media?parent=174191"}],"wp:term":[{"taxonomy":"category","embeddable":true,"href":"https:\/\/www.brundisium.net\/index.php\/wp-json\/wp\/v2\/categories?post=174191"},{"taxonomy":"post_tag","embeddable":true,"href":"https:\/\/www.brundisium.net\/index.php\/wp-json\/wp\/v2\/tags?post=174191"}],"curies":[{"name":"wp","href":"https:\/\/api.w.org\/{rel}","templated":true}]}}