{"id":174219,"date":"2020-07-01T14:31:09","date_gmt":"2020-07-01T12:31:09","guid":{"rendered":"http:\/\/www.brundisium.net\/?p=174219"},"modified":"2020-07-01T14:31:09","modified_gmt":"2020-07-01T12:31:09","slug":"assemblea-generale-confindustria-brindisi-il-testo-dellintervento-del-commissario-gabriele-menotti-lippolis","status":"publish","type":"post","link":"https:\/\/www.brundisium.net\/index.php\/assemblea-generale-confindustria-brindisi-il-testo-dellintervento-del-commissario-gabriele-menotti-lippolis\/","title":{"rendered":"Assemblea Generale Confindustria Brindisi: il testo dell&#8217;intervento del Commissario Gabriele Menotti Lippolis"},"content":{"rendered":"<p><a href=\"http:\/\/www.brundisium.net\/brun\/wp-content\/uploads\/2020\/07\/FOTO-Assemblea-Confindustria-Brindisi.jpg\"><img loading=\"lazy\" decoding=\"async\" class=\"alignleft size-medium wp-image-174223\" src=\"http:\/\/www.brundisium.net\/brun\/wp-content\/uploads\/2020\/07\/FOTO-Assemblea-Confindustria-Brindisi-200x300.jpg\" alt=\"\" width=\"200\" height=\"300\" srcset=\"https:\/\/www.brundisium.net\/brun\/wp-content\/uploads\/2020\/07\/FOTO-Assemblea-Confindustria-Brindisi-200x300.jpg 200w, https:\/\/www.brundisium.net\/brun\/wp-content\/uploads\/2020\/07\/FOTO-Assemblea-Confindustria-Brindisi-683x1024.jpg 683w, https:\/\/www.brundisium.net\/brun\/wp-content\/uploads\/2020\/07\/FOTO-Assemblea-Confindustria-Brindisi-768x1152.jpg 768w, https:\/\/www.brundisium.net\/brun\/wp-content\/uploads\/2020\/07\/FOTO-Assemblea-Confindustria-Brindisi-1024x1536.jpg 1024w, https:\/\/www.brundisium.net\/brun\/wp-content\/uploads\/2020\/07\/FOTO-Assemblea-Confindustria-Brindisi-1366x2048.jpg 1366w, https:\/\/www.brundisium.net\/brun\/wp-content\/uploads\/2020\/07\/FOTO-Assemblea-Confindustria-Brindisi.jpg 1575w\" sizes=\"auto, (max-width: 200px) 100vw, 200px\" \/><\/a>Care Colleghe, Cari Colleghi,<\/p>\n<p>&nbsp;<\/p>\n<p>innanzi tutto ringrazio tutti Voi per essere intervenuti cos\u00ec numerosi alla nostra Assemblea annuale ed un grazie anche al \u201cpadrone di casa\u201d, Aeroporti di Puglia S.p.A., che ha condiviso immediatamente la proposta di ospitare presso l\u2019aeroporto del Salento la manifestazione di oggi.<\/p>\n<p>&nbsp;<\/p>\n<p>Il delicato ruolo di Commissario, che mi \u00e8 stato affidato, l\u2019ho accettato con spirito di servizio in un momento difficile e per certi versi imprevedibile, caratterizzato dalla crisi pandemica.<\/p>\n<p>&nbsp;<\/p>\n<p>Come a tutti noto (ma val la pena di ricordarlo) in precedenza vi era gi\u00e0 una profonda crisi che aveva colpito i principali settori produttivi della provincia di Brindisi.<\/p>\n<p>&nbsp;<\/p>\n<p>In particolare citiamo:<\/p>\n<p>&nbsp;<\/p>\n<p>\u2212 il settore delle p.m.i. aeronautiche che aveva fatto registrare, per le imprese associate a Confindustria Brindisi, oltre che la cessazione definitiva delle proprie attivit\u00e0 un notevole ricorso agli ammortizzatori sociali (CIG\/O; CIG\/S, contratti di solidariet\u00e0). Procedure che hanno interessato un numero di circa 700 lavoratori molti dei quali, ad esaurimento delle stesse, sono usciti dal mondo del lavoro.<br \/>\n\u200b A questi si andavano ad aggiungere circa 200 lavoratori a tempo determinato o in somministrazione i cui contratti, alla scadenza, non sono stati rinnovati.<\/p>\n<p>&nbsp;<\/p>\n<p>\u2212 Il settore metalmeccanico ha visto anch\u2019esso da parte delle aziende associate un rilevante utilizzo di ammortizzatori sociali (CIG\/O; CIG\/S, contratti di solidariet\u00e0) per un numero complessivo di circa 100 lavoratori.<\/p>\n<p>&nbsp;<\/p>\n<p>\u2212 Il comparto edile, infine, pu\u00f2 essere identificato come quello che ha pi\u00f9 sofferto la crisi. Dal 2010, infatti, si registra un calo della massa salari Cassa Edile di circa 15 milioni di euro, un calo delle imprese attive di circa 100 unit\u00e0, nonch\u00e9 un calo di addetti superiore al migliaio.<\/p>\n<p>&nbsp;<\/p>\n<p>La provincia di Brindisi, inoltre, nel corso dell\u2019ultimo anno, \u00e8 stata direttamente interessata dalla difficile fase che attraversa lo stabilimento ex Ilva di Taranto e che ha visto coinvolti circa 1.500 lavoratori del brindisino \u2013 tra diretti e indiretti \u2013 oltre che una ventina di p.m.i. locali dell\u2019indotto che si sono trovate nella necessit\u00e0 di attivare le procedure di accesso agli ammortizzatori sociali (200 lavoratori coinvolti).<\/p>\n<p>&nbsp;<\/p>\n<p>Anche il processo di transizione energetica &#8211; di fatto gi\u00e0 da tempo attivato &#8211; sta producendo, purtroppo, effetti molto pesanti sia sull\u2019indotto delle manutenzioni ed installazione di impianti, che sulle attivit\u00e0 portuali legate allo scarico e trasporto del carbone. Quest\u2019ultimo aspetto \u00e8 stato evidenziato da un documento sottoscritto dalla nostra Sezione Porto, Logistica e Trasporto, da OPS (Operatori Portuali Salentini) e da tutte le diverse Organizzazioni che svolgono attivit\u00e0 inerenti il porto. Complessivamente sono a rischio dai 2.000 ai 3.000 lavoratori, per cui viene giustamente rivendicata una politica di rilancio del porto, che pu\u00f2 rappresentare un vero e proprio vol\u00e0no dello sviluppo dell\u2019economia del territorio.<\/p>\n<p>Pi\u00f9 in generale la transizione energetica ci pone dinnanzi la sfida di utilizzare al meglio le risorse finanziarie che saranno disponibili a livello europeo ed avere una capacit\u00e0 progettuale condivisa con tutti gli attori del territorio. Per fare ci\u00f2 sar\u00e0 necessario che i progetti, una volta individuati, possano essere attuati con la massima tempestivit\u00e0, superando le vischiosit\u00e0 di carattere burocratico.<\/p>\n<p>&nbsp;<\/p>\n<p>Abbiamo pi\u00f9 volte condiviso con l\u2019Autorit\u00e0 di Sistema Portuale le sollecitazioni affinch\u00e9 fosse realizzato con la massima tempestivit\u00e0 l\u2019adeguamento o, meglio, il potenziamento infrastrutturale del porto, per non lasciarsi sfuggire &#8211; a vantaggio di porti concorrenti &#8211; diverse opportunit\u00e0 di mercato (sia come comparto crocieristico che delle merci). Purtroppo anche in questo caso stanno prevalendo le lentezze burocratiche, con il rischio di perdere ingenti finanziamenti gi\u00e0 da tempo stanziati.<\/p>\n<p>&nbsp;<\/p>\n<p>All\u2019allarmante scenario economico appena descritto si \u00e8 aggiunta la situazione drammatica causata dal diffondersi della pandemia mondiale da COVID-19 e le conseguenti misure \u2013 adottate dal Governo centrale e dalla Regione Puglia \u2013 per prevenire la trasmissione del contagio. A tal proposito, Confindustria Brindisi ha da subito costituito una task force per dare assistenza, sia alle imprese associate che a quelle non associate. In particolare, il supporto \u00e8 stato fornito alle imprese dei settori pi\u00f9 disparati, ai consulenti del lavoro, ai professionisti, anche al di fuori degli ordinari orari e giornate di lavoro, ed ha riguardato principalmente: il ricorso agli ammortizzatori sociali, l\u2019applicazione delle misure di prevenzione e sicurezza previste dai protocolli sottoscritti a livello nazionale dalle parti sociali, le disposizioni in materia economico\/fiscale emanate per lo stato di emergenza, i rapporti con la Prefettura per quanto riguarda la prosecuzione delle attivit\u00e0 imprenditoriali durante la fase del c.d. \u201clockdown\u201d, la partecipazione alla cabina di regia per l\u2019emergenza COVID \u2013 19 costituita presso la Prefettura di Brindisi.<\/p>\n<p>&nbsp;<\/p>\n<p>La pandemia, oltre ad acuire le difficolt\u00e0 in cui gi\u00e0 versavano i principali settori economici del territorio, ne ha determinate di nuove: una per tutte quella del settore turistico.<\/p>\n<p>&nbsp;<\/p>\n<p>A pochi giorni dal mio insediamento come Commissario \u00e8 \u201cesplosa\u201d la questione VERSALIS, con due ordinanze del Sindaco di Brindisi che hanno di fatto bloccato l\u2019intero stabilimento petrolchimico. Abbiamo dato all\u2019azienda la massima collaborazione e supporto, non solo sul piano delle comunicazioni (evidenziando l\u2019inopportunit\u00e0 di ordinanze adottate senza l\u2019esito del lavoro dei tecnici dell\u2019Arpa), ma soprattutto con lo sforzo profuso affinch\u00e9 si svolgesse al pi\u00f9 presto la riunione in sede regionale, con il risultato dell\u2019attivazione del tavolo tecnico e la contemporanea revoca delle ordinanze sindacali.<br \/>\nUn dato \u00e8 certo, la chimica rappresenta per il nostro territorio, da oltre 60 anni, un asset di fondamentale importanza. La presenza su Brindisi di grandi impianti, appartenenti a primarie societ\u00e0 multinazionali, continua ad essere garanzia di efficienza in termini produttivi, di sostenibilit\u00e0 ambientale e sicurezza sul lavoro. A tal proposito, \u00e8 opportuno sottolineare che tali gruppi, negli ultimi anni hanno effettuato importanti investimenti soprattutto per migliorare le performances ambientali.<\/p>\n<p>&nbsp;<\/p>\n<p>Va, inoltre, sottolineato che anche durante il periodo emergenziale &#8211; parallelamente ai servizi alle aziende &#8211; Confindustria Brindisi ha lavorato sugli obiettivi dello sviluppo e dell\u2019attrazione di nuovi investimenti, attraverso la collaborazione con gli stakeholder e le istituzioni locali e nazionali. Stiamo fornendo ogni opportuna assistenza ad importanti progetti di possibili investimenti nel nostro territorio e ci auguriamo di poterne presto parlare ufficialmente, magari gi\u00e0 in possesso delle autorizzazioni.<\/p>\n<p>&nbsp;<\/p>\n<p>Con riferimento alle iniziative di sviluppo e alle opportunit\u00e0 legate alla transizione energetica, abbiamo concordato con la nostra associata Enel per l\u20198 e 9 luglio prossimi, presso la sede di Confindustria Brindisi, una serie di importanti incontri a livello istituzionale, sindacale e con il sistema delle imprese, attraverso l\u2019attivazione di uno \u201csportello\u201d, con possibilit\u00e0 di incontri One-to-One con i rappresentanti del Gruppo Enel.<\/p>\n<p>&nbsp;<\/p>\n<p>Abbiamo, inoltre, il piacere di comunicare l\u2019attivazione di un tavolo di lavoro finalizzato alla realizzazione e pubblicazione di un volume ENI\/Confindustria Brindisi. Il testo, ottavo di una collana sulla normativa del lavoro, sar\u00e0 presentato presso la sede centrale di ENI e Roma e rappresenter\u00e0 una guida operativa per orientarsi nel complesso panorama dei contratti di lavoro.<\/p>\n<p>&nbsp;<\/p>\n<p>A breve attiveremo un\u2019indagine conoscitiva tra le aziende associate di maggiori dimensioni per avere un quadro aggiornato su valore della produzione, monte stipendi e salari, lavori affidati in appalto e investimenti gi\u00e0 fatti, o in programma, per nuovi impianti o ammodernamento degli stessi. L\u2019idea \u00e8 quella di presentare tali dati nell\u2019ambito di un convegno, alla presenza di rappresentanti del mondo politico\/istituzionale\/economico locali e nazionali, come gi\u00e0 fatto \u2013 con notevole successo &#8211; nell\u2019ottobre 2018 presso il Teatro VERDI DI BRINDISI.<\/p>\n<p>&nbsp;<\/p>\n<p>Con la Facolt\u00e0 di Ingegneria dell\u2019Universit\u00e0 del Salento stiamo definendo una convenzione per la consulenza gratuita alle p.m.i. associate in materia di innovazione tecnologica, con particolare riferimento ai processi di digitalizzazione.<\/p>\n<p>&nbsp;<\/p>\n<p>In collaborazione con l\u2019Ordine dei Commercialisti della Provincia di Brindisi stiamo individuando, tra i Cofidi accreditati, quello con il quale addivenire ad una convenzione che possa garantire le migliori condizioni economico\/finanziarie per le nostra imprese associate.<\/p>\n<p>&nbsp;<\/p>\n<p>Nonostante la difficile fase economica non \u00e8 stata tralasciata l\u2019azione legata al marketing associativo. Nel corso dell\u2019ultimo anno sono state associate 8 nuove aziende per un totale di 121 dipendenti. In particolare, dall\u2019inizio della fase di commissariamento abbiamo iscritto 6 nuove aziende.<br \/>\nMolto positivo, inoltre, \u00e8 il recente rinnovo del rapporto associativo con Aeroporti di Puglia che conta attualmente 350 dipendenti.<\/p>\n<p>&nbsp;<\/p>\n<p>Infine, Vi comunico che il Collegio Speciale dei nostri Probiviri ha recentemente avviato il percorso per la nomina della Commissione di designazione (cosiddetti Saggi), tappa importante della procedura per la elezione del nuovo Presidente.<br \/>\nVi ringrazio per l\u2019attenzione e prego ciascuno di voi di considerarmi a disposizione per qualsiasi esigenza aziendale, anche concordando appositi incontri.<\/p>\n<p>&nbsp;<\/p>\n<p>In conclusione, partendo dall\u2019auspicio che vi sia una ripresa dell\u2019economia a livello globale, le misure da adottare con la massima urgenza per sostenere e agevolare questa fase riguardano l\u2019accesso al credito, lo sblocco delle infrastrutture, lo snellimento delle procedure. Ho gi\u00e0 detto dell\u2019importanza strategica della piena funzionalit\u00e0 e operativit\u00e0 del porto, ma anche l\u2019Aeroporto del Salento ha un ruolo fondamentale nello sviluppo del territorio, per cui il suo completamento infrastrutturale e logistico \u00e8 quanto mai importante.<br \/>\nFondamentale diviene inoltre non disperdere il patrimonio rappresentato dalla Cittadella della Ricerca che potrebbe divenire il fulcro di una futura \u201cSilicon Valley delle energie rinnovabili\u201d. Per ottenere tale risultato, \u00e8 necessario un ciclo di investimenti sia da parte dei grandi players presenti sul territorio che di altri gruppi. Ci fa piacere sottolineare \u2013 come accennato in precedenza &#8211; che stiamo registrando, in tale senso, manifestazioni di concreto interesse.<\/p>\n<p>&nbsp;<\/p>\n<p>Il Commissario<br \/>\nDott. Gabriele Menotti Lippolis<\/p>\n","protected":false},"excerpt":{"rendered":"<p>Care Colleghe, Cari Colleghi, &nbsp; innanzi tutto ringrazio tutti Voi per essere intervenuti cos\u00ec numerosi alla nostra Assemblea annuale ed un grazie anche al \u201cpadrone di casa\u201d, Aeroporti di Puglia S.p.A., che ha condiviso immediatamente la proposta di ospitare presso l\u2019aeroporto del Salento la manifestazione di oggi. &nbsp; Il delicato ruolo di Commissario, che mi \u00e8 stato affidato, l\u2019ho accettato con spirito di servizio in un momento difficile e per certi versi imprevedibile, caratterizzato dalla crisi pandemica. &nbsp; Come a tutti noto (ma val la pena di ricordarlo) in precedenza vi era gi\u00e0 una profonda crisi che aveva colpito i principali settori produttivi della provincia di Brindisi. &nbsp; In particolare citiamo: &nbsp; \u2212 il settore delle p.m.i. aeronautiche che aveva fatto registrare, per le imprese associate a Confindustria Brindisi, oltre che la cessazione definitiva delle proprie attivit\u00e0 un notevole ricorso agli ammortizzatori sociali (CIG\/O; CIG\/S, contratti di solidariet\u00e0). Procedure che hanno interessato un numero di circa 700 lavoratori molti dei quali, ad esaurimento delle stesse, sono usciti dal mondo del&#8230;<\/p>\n","protected":false},"author":2,"featured_media":174222,"comment_status":"open","ping_status":"closed","sticky":false,"template":"","format":"standard","meta":{"footnotes":""},"categories":[7],"tags":[],"class_list":["post-174219","post","type-post","status-publish","format-standard","has-post-thumbnail","hentry","category-news"],"_links":{"self":[{"href":"https:\/\/www.brundisium.net\/index.php\/wp-json\/wp\/v2\/posts\/174219","targetHints":{"allow":["GET"]}}],"collection":[{"href":"https:\/\/www.brundisium.net\/index.php\/wp-json\/wp\/v2\/posts"}],"about":[{"href":"https:\/\/www.brundisium.net\/index.php\/wp-json\/wp\/v2\/types\/post"}],"author":[{"embeddable":true,"href":"https:\/\/www.brundisium.net\/index.php\/wp-json\/wp\/v2\/users\/2"}],"replies":[{"embeddable":true,"href":"https:\/\/www.brundisium.net\/index.php\/wp-json\/wp\/v2\/comments?post=174219"}],"version-history":[{"count":1,"href":"https:\/\/www.brundisium.net\/index.php\/wp-json\/wp\/v2\/posts\/174219\/revisions"}],"predecessor-version":[{"id":174224,"href":"https:\/\/www.brundisium.net\/index.php\/wp-json\/wp\/v2\/posts\/174219\/revisions\/174224"}],"wp:featuredmedia":[{"embeddable":true,"href":"https:\/\/www.brundisium.net\/index.php\/wp-json\/wp\/v2\/media\/174222"}],"wp:attachment":[{"href":"https:\/\/www.brundisium.net\/index.php\/wp-json\/wp\/v2\/media?parent=174219"}],"wp:term":[{"taxonomy":"category","embeddable":true,"href":"https:\/\/www.brundisium.net\/index.php\/wp-json\/wp\/v2\/categories?post=174219"},{"taxonomy":"post_tag","embeddable":true,"href":"https:\/\/www.brundisium.net\/index.php\/wp-json\/wp\/v2\/tags?post=174219"}],"curies":[{"name":"wp","href":"https:\/\/api.w.org\/{rel}","templated":true}]}}