{"id":174240,"date":"2020-07-02T08:30:10","date_gmt":"2020-07-02T06:30:10","guid":{"rendered":"http:\/\/www.brundisium.net\/?p=174240"},"modified":"2020-07-02T08:30:10","modified_gmt":"2020-07-02T06:30:10","slug":"la-mens-sana-mesagne-riparte-da-angelo-capodieci","status":"publish","type":"post","link":"https:\/\/www.brundisium.net\/index.php\/la-mens-sana-mesagne-riparte-da-angelo-capodieci\/","title":{"rendered":"La Mens Sana Mesagne riparte da Angelo Capodieci"},"content":{"rendered":"<p>La Mens Sana Mesagne riparte da Angelo Capodieci. Sar\u00e0 il giovane tecnico mesagnese a prendere le redini della formazione che affronter\u00e0 il prossimo campionato di serie D. Accantonata la reale possibilit\u00e0 di ripescaggio in serie C, la societ\u00e0 sportiva mesagnese getta le basi per il futuro.<\/p>\n<p>&nbsp;<\/p>\n<p>Fermi dai primi giorni di marzo, con tutti i campionati bloccati nella fase pi\u00f9 importante della stagione sportiva che vedeva i biancoverdi impegnati nei play off di promozione, riparte la programmazione del nuovo anno. E si riparte proprio da Angelo Capodieci, uno dei tecnici pi\u00f9 preparati della regione, alla guida della formazione senior. Non \u00e8 una novit\u00e0 per la societ\u00e0 mesagnese che lo ritrova dopo una pausa dovuta a importanti impegni lavorativi. &#8220;Era la migliore scelta che potevamo fare, dice il presidente Mellone. Angelo \u00e8 una componente della famiglia mensanina, conosce perfettamente la nostra organizzazione e la nostra idea di fare sport.<\/p>\n<p>&nbsp;<\/p>\n<p>Inutile elencare le doti tecniche e umane di coach Capodieci, sar\u00e0 il collante tra la prima squadra e il nostro settore giovanile che lo vedr\u00e0 impegnato anche con gli Under 20, Under 18 e Under 16. Sar\u00e0 privilegiato l&#8217;utilizzo dei ragazzi provenienti dal settore giovanile, supportati da atleti di provata esperienza. Nei prossimi giorni definiremo alcuni contatti gi\u00e0 in corso con atleti senior e con alcuni giovani promettenti provenienti dai paesi limitrofi.&#8221; Angelo Capodieci: &#8220;Ovviamente sono molto contento della scelta che ho fatto. Mens Sana \u00e8 casa mia, qui sono nato e cresciuto cestisticamente fin dal minibasket. Allestiremo una squadra che potr\u00e0 ben figurare in serie D, dando la possibilit\u00e0 a tanti ragazzi di mettersi in mostra in un campionato senior importante&#8221;.<\/p>\n<p>Anche quest&#8217;anno la preparazione atletica sar\u00e0 affidata al tecnico brindisino Antonio De Vitis che ha gi\u00e0 fatto un ottimo lavoro lo scorso anno. Insomma, nonostante le tantissime difficolt\u00e0 degli ultimi mesi, lentamente riparte l&#8217;attivit\u00e0 della Mens Sana Mesagne pronta a continuare il lavoro bruscamente interrotto dal Covid-19.<\/p>\n<p>&nbsp;<\/p>\n<p>A.S.D. MENS SANA MESAGNE<\/p>\n","protected":false},"excerpt":{"rendered":"<p>La Mens Sana Mesagne riparte da Angelo Capodieci. Sar\u00e0 il giovane tecnico mesagnese a prendere le redini della formazione che affronter\u00e0 il prossimo campionato di serie D. Accantonata la reale possibilit\u00e0 di ripescaggio in serie C, la societ\u00e0 sportiva mesagnese getta le basi per il futuro. &nbsp; Fermi dai primi giorni di marzo, con tutti i campionati bloccati nella fase pi\u00f9 importante della stagione sportiva che vedeva i biancoverdi impegnati nei play off di promozione, riparte la programmazione del nuovo anno. E si riparte proprio da Angelo Capodieci, uno dei tecnici pi\u00f9 preparati della regione, alla guida della formazione senior. Non \u00e8 una novit\u00e0 per la societ\u00e0 mesagnese che lo ritrova dopo una pausa dovuta a importanti impegni lavorativi. &#8220;Era la migliore scelta che potevamo fare, dice il presidente Mellone. Angelo \u00e8 una componente della famiglia mensanina, conosce perfettamente la nostra organizzazione e la nostra idea di fare sport. &nbsp; Inutile elencare le doti tecniche e umane di coach Capodieci, sar\u00e0 il collante tra la prima squadra e il nostro&#8230;<\/p>\n","protected":false},"author":2,"featured_media":174241,"comment_status":"open","ping_status":"closed","sticky":false,"template":"","format":"standard","meta":{"footnotes":""},"categories":[13],"tags":[],"class_list":["post-174240","post","type-post","status-publish","format-standard","has-post-thumbnail","hentry","category-basket"],"_links":{"self":[{"href":"https:\/\/www.brundisium.net\/index.php\/wp-json\/wp\/v2\/posts\/174240","targetHints":{"allow":["GET"]}}],"collection":[{"href":"https:\/\/www.brundisium.net\/index.php\/wp-json\/wp\/v2\/posts"}],"about":[{"href":"https:\/\/www.brundisium.net\/index.php\/wp-json\/wp\/v2\/types\/post"}],"author":[{"embeddable":true,"href":"https:\/\/www.brundisium.net\/index.php\/wp-json\/wp\/v2\/users\/2"}],"replies":[{"embeddable":true,"href":"https:\/\/www.brundisium.net\/index.php\/wp-json\/wp\/v2\/comments?post=174240"}],"version-history":[{"count":1,"href":"https:\/\/www.brundisium.net\/index.php\/wp-json\/wp\/v2\/posts\/174240\/revisions"}],"predecessor-version":[{"id":174242,"href":"https:\/\/www.brundisium.net\/index.php\/wp-json\/wp\/v2\/posts\/174240\/revisions\/174242"}],"wp:featuredmedia":[{"embeddable":true,"href":"https:\/\/www.brundisium.net\/index.php\/wp-json\/wp\/v2\/media\/174241"}],"wp:attachment":[{"href":"https:\/\/www.brundisium.net\/index.php\/wp-json\/wp\/v2\/media?parent=174240"}],"wp:term":[{"taxonomy":"category","embeddable":true,"href":"https:\/\/www.brundisium.net\/index.php\/wp-json\/wp\/v2\/categories?post=174240"},{"taxonomy":"post_tag","embeddable":true,"href":"https:\/\/www.brundisium.net\/index.php\/wp-json\/wp\/v2\/tags?post=174240"}],"curies":[{"name":"wp","href":"https:\/\/api.w.org\/{rel}","templated":true}]}}