{"id":174492,"date":"2020-07-10T10:32:16","date_gmt":"2020-07-10T08:32:16","guid":{"rendered":"http:\/\/www.brundisium.net\/?p=174492"},"modified":"2020-07-10T08:02:44","modified_gmt":"2020-07-10T06:02:44","slug":"zaccaria-la-nuova-ztl-a-torre-canne-per-valorizzarne-il-centro","status":"publish","type":"post","link":"https:\/\/www.brundisium.net\/index.php\/zaccaria-la-nuova-ztl-a-torre-canne-per-valorizzarne-il-centro\/","title":{"rendered":"Zaccaria: \u201cLa nuova ZTL a Torre Canne per valorizzarne il centro\u201d"},"content":{"rendered":"<p><a href=\"http:\/\/www.brundisium.net\/brun\/wp-content\/uploads\/2020\/07\/ztl_Torre_Canne.jpg\"><img loading=\"lazy\" decoding=\"async\" class=\"alignleft size-medium wp-image-174494\" src=\"http:\/\/www.brundisium.net\/brun\/wp-content\/uploads\/2020\/07\/ztl_Torre_Canne-300x200.jpg\" alt=\"\" width=\"300\" height=\"200\" srcset=\"https:\/\/www.brundisium.net\/brun\/wp-content\/uploads\/2020\/07\/ztl_Torre_Canne-300x200.jpg 300w, https:\/\/www.brundisium.net\/brun\/wp-content\/uploads\/2020\/07\/ztl_Torre_Canne-1024x683.jpg 1024w, https:\/\/www.brundisium.net\/brun\/wp-content\/uploads\/2020\/07\/ztl_Torre_Canne-768x512.jpg 768w, https:\/\/www.brundisium.net\/brun\/wp-content\/uploads\/2020\/07\/ztl_Torre_Canne-1536x1024.jpg 1536w, https:\/\/www.brundisium.net\/brun\/wp-content\/uploads\/2020\/07\/ztl_Torre_Canne.jpg 1864w\" sizes=\"auto, (max-width: 300px) 100vw, 300px\" \/><\/a>Il sindaco di Fasano, Francesco Zaccaria, comunica quanto segue:<br \/>\n\u00ab Nei giorni scorsi \u00e8 stata istituita una nuova Zona a Traffico Limitato a Torre Canne. La chiusura alla circolazione, per fasce orarie, interessa il segmento di via del Faro tra via Lago di Lesina e via Trieste.<br \/>\nLa pedonalizzazione di questo tratto stradale tutela i residenti e i villeggianti, e ha come obiettivo quello di aumentare la qualit\u00e0 della vita nei vicoli pi\u00f9 suggestivi di Torre Canne, da sempre presi d\u2019assalto dalle auto dei turisti occasionali.<br \/>\nA questa ordinanza di chiusura seguir\u00e0 l&#8217;organizzazione di un&#8217;ampia ZTL nella parte centrale, dove sono presenti gli accessi al mare.<\/p>\n<p>Abbiamo voluto avviare quest&#8217;anno la ZTL a Torre Canne per sperimentarla al meglio, anche sulla base di un confronto con i residenti e proprietari di case della frazione.<\/p>\n<p>A questo proposito, nei prossimi giorni avvieremo la procedura di consegna di pass: gli aventi diritto potranno recarsi presso l&#8217;urban center, sempre in via del Faro a Torre Canne, da mercoled\u00ec 15 luglio a venerd\u00ec 31 luglio. L&#8217;ufficio sar\u00e0 aperto di luned\u00ec, marted\u00ec e venerd\u00ec dalle 8.00 alle 12.00; il mercoled\u00ec e il gioved\u00ec, oltre all&#8217;apertura mattutina, anche dalle 17.00 alle 19.00. L&#8217;iter delle richieste si svolger\u00e0 tutto nella sede di Torre Canne.<\/p>\n<p>Nel frattempo, limiteremo l\u2019accesso a via del Faro, da via Lago di Lesina a via Trieste, dal luned\u00ec al venerd\u00ec dalle 19,00 alle 3,00 e il sabato e la domenica dalle 10,00 alle 3,00.<\/p>\n<p>Da via Imperia il traffico sar\u00e0 chiuso solo nei prefestivi e festivi sempre dalle 10,00 alle 3,00: cercheremo cos\u00ec di rendere la centralissima via del Faro un luogo dove tutti, anche i bambini, potranno passeggiare e rilassarsi sia a piedi che in bicicletta. La nostra idea \u00e8 quella di proteggere Torre Canne e valorizzare il suo centro\u00bb.<\/p>\n","protected":false},"excerpt":{"rendered":"<p>Il sindaco di Fasano, Francesco Zaccaria, comunica quanto segue: \u00ab Nei giorni scorsi \u00e8 stata istituita una nuova Zona a Traffico Limitato a Torre Canne. La chiusura alla circolazione, per fasce orarie, interessa il segmento di via del Faro tra via Lago di Lesina e via Trieste. La pedonalizzazione di questo tratto stradale tutela i residenti e i villeggianti, e ha come obiettivo quello di aumentare la qualit\u00e0 della vita nei vicoli pi\u00f9 suggestivi di Torre Canne, da sempre presi d\u2019assalto dalle auto dei turisti occasionali. A questa ordinanza di chiusura seguir\u00e0 l&#8217;organizzazione di un&#8217;ampia ZTL nella parte centrale, dove sono presenti gli accessi al mare. Abbiamo voluto avviare quest&#8217;anno la ZTL a Torre Canne per sperimentarla al meglio, anche sulla base di un confronto con i residenti e proprietari di case della frazione. A questo proposito, nei prossimi giorni avvieremo la procedura di consegna di pass: gli aventi diritto potranno recarsi presso l&#8217;urban center, sempre in via del Faro a Torre Canne, da mercoled\u00ec 15 luglio a venerd\u00ec 31&#8230;<\/p>\n","protected":false},"author":2,"featured_media":174495,"comment_status":"open","ping_status":"closed","sticky":false,"template":"","format":"standard","meta":{"footnotes":""},"categories":[7],"tags":[],"class_list":["post-174492","post","type-post","status-publish","format-standard","has-post-thumbnail","hentry","category-news"],"_links":{"self":[{"href":"https:\/\/www.brundisium.net\/index.php\/wp-json\/wp\/v2\/posts\/174492","targetHints":{"allow":["GET"]}}],"collection":[{"href":"https:\/\/www.brundisium.net\/index.php\/wp-json\/wp\/v2\/posts"}],"about":[{"href":"https:\/\/www.brundisium.net\/index.php\/wp-json\/wp\/v2\/types\/post"}],"author":[{"embeddable":true,"href":"https:\/\/www.brundisium.net\/index.php\/wp-json\/wp\/v2\/users\/2"}],"replies":[{"embeddable":true,"href":"https:\/\/www.brundisium.net\/index.php\/wp-json\/wp\/v2\/comments?post=174492"}],"version-history":[{"count":1,"href":"https:\/\/www.brundisium.net\/index.php\/wp-json\/wp\/v2\/posts\/174492\/revisions"}],"predecessor-version":[{"id":174496,"href":"https:\/\/www.brundisium.net\/index.php\/wp-json\/wp\/v2\/posts\/174492\/revisions\/174496"}],"wp:featuredmedia":[{"embeddable":true,"href":"https:\/\/www.brundisium.net\/index.php\/wp-json\/wp\/v2\/media\/174495"}],"wp:attachment":[{"href":"https:\/\/www.brundisium.net\/index.php\/wp-json\/wp\/v2\/media?parent=174492"}],"wp:term":[{"taxonomy":"category","embeddable":true,"href":"https:\/\/www.brundisium.net\/index.php\/wp-json\/wp\/v2\/categories?post=174492"},{"taxonomy":"post_tag","embeddable":true,"href":"https:\/\/www.brundisium.net\/index.php\/wp-json\/wp\/v2\/tags?post=174492"}],"curies":[{"name":"wp","href":"https:\/\/api.w.org\/{rel}","templated":true}]}}