{"id":174566,"date":"2020-07-11T17:36:29","date_gmt":"2020-07-11T15:36:29","guid":{"rendered":"http:\/\/www.brundisium.net\/?p=174566"},"modified":"2020-07-11T17:36:29","modified_gmt":"2020-07-11T15:36:29","slug":"concluso-il-centro-estivo-il-bello-dellestate","status":"publish","type":"post","link":"https:\/\/www.brundisium.net\/index.php\/concluso-il-centro-estivo-il-bello-dellestate\/","title":{"rendered":"Concluso il centro estivo &#8220;Il Bello dell&#8217;Estate&#8221;"},"content":{"rendered":"<p>Si \u00e8 tenuta ieri, alla presenza anche del Sindaco Antonio Matarelli, la giornata conclusiva del primo centro estivo integrato \u201cIL BELLO DELL\u2019ESTATE\u201d promosso dall\u2019APS  Coloriamo il Mondo e dalla ASD  Gruppo Sportivo San Giuseppe Art. , presso l\u2019impianto sportivo della Parrocchia di San Pio di Mesagne. Al centro estivo hanno partecipato anche alcuni bambini e ragazzi dello SPRAR siriani ed ivoriani.<br \/>\nUn\u2019esperienza entusiasmante  che ha fatto dell\u2019inclusione  e della condivisione le sue parole chiavi;  tanti i giochi, tanto l\u2019entusiasmo di tutti gli operatori impegnati in un progetto ludico-educativo che ha voluto,  attraverso le tante e differenti attivit\u00e0 proposte ai bambini di et\u00e0 diverse,  far comprendere che la diversit\u00e0 e\/o le disabilit\u00e0 sono soltanto sfumature di un mondo a colori e che ogni bambino, cos\u00ec come in una poesia letta da uno dei genitori \u201cha mille storie da raccontare, ognuna diversa, ma con molti sentimenti in comune!\u201d<br \/>\nPer Monica Contessa (presidente APS Coloriamo Il Mondo) e Alberto Destino (Presidente Gruppo Sportivo San Giuseppe Art.) questa esperienza \u00e8 stata solo l\u2019inizio di un percorso di integrazione che continuer\u00e0 con altri progetti anche durante l\u2019anno e gi\u00e0 si sta pensando alla prossimo estate.<br \/>\nUn ringraziamento va a Don Luciano Chetta, parroco di San Pio, che ha creduto fortemente nel progetto, a tutti gli operatori ed educatori coinvolti, e soprattutto a tutti i bambini e i ragazzi che con la loro gioia, con il loro entusiasmo, soprattutto con la loro semplicit\u00e0 hanno reso fantastica l\u2019inizio dei questa Estate.<\/p>\n","protected":false},"excerpt":{"rendered":"<p>Si \u00e8 tenuta ieri, alla presenza anche del Sindaco Antonio Matarelli, la giornata conclusiva del primo centro estivo integrato \u201cIL BELLO DELL\u2019ESTATE\u201d promosso dall\u2019APS Coloriamo il Mondo e dalla ASD Gruppo Sportivo San Giuseppe Art. , presso l\u2019impianto sportivo della Parrocchia di San Pio di Mesagne. Al centro estivo hanno partecipato anche alcuni bambini e ragazzi dello SPRAR siriani ed ivoriani. Un\u2019esperienza entusiasmante che ha fatto dell\u2019inclusione e della condivisione le sue parole chiavi; tanti i giochi, tanto l\u2019entusiasmo di tutti gli operatori impegnati in un progetto ludico-educativo che ha voluto, attraverso le tante e differenti attivit\u00e0 proposte ai bambini di et\u00e0 diverse, far comprendere che la diversit\u00e0 e\/o le disabilit\u00e0 sono soltanto sfumature di un mondo a colori e che ogni bambino, cos\u00ec come in una poesia letta da uno dei genitori \u201cha mille storie da raccontare, ognuna diversa, ma con molti sentimenti in comune!\u201d Per Monica Contessa (presidente APS Coloriamo Il Mondo) e Alberto Destino (Presidente Gruppo Sportivo San Giuseppe Art.) questa esperienza \u00e8 stata solo l\u2019inizio di&#8230;<\/p>\n","protected":false},"author":2,"featured_media":174567,"comment_status":"open","ping_status":"closed","sticky":false,"template":"","format":"standard","meta":{"footnotes":""},"categories":[7],"tags":[],"class_list":["post-174566","post","type-post","status-publish","format-standard","has-post-thumbnail","hentry","category-news"],"_links":{"self":[{"href":"https:\/\/www.brundisium.net\/index.php\/wp-json\/wp\/v2\/posts\/174566","targetHints":{"allow":["GET"]}}],"collection":[{"href":"https:\/\/www.brundisium.net\/index.php\/wp-json\/wp\/v2\/posts"}],"about":[{"href":"https:\/\/www.brundisium.net\/index.php\/wp-json\/wp\/v2\/types\/post"}],"author":[{"embeddable":true,"href":"https:\/\/www.brundisium.net\/index.php\/wp-json\/wp\/v2\/users\/2"}],"replies":[{"embeddable":true,"href":"https:\/\/www.brundisium.net\/index.php\/wp-json\/wp\/v2\/comments?post=174566"}],"version-history":[{"count":1,"href":"https:\/\/www.brundisium.net\/index.php\/wp-json\/wp\/v2\/posts\/174566\/revisions"}],"predecessor-version":[{"id":174568,"href":"https:\/\/www.brundisium.net\/index.php\/wp-json\/wp\/v2\/posts\/174566\/revisions\/174568"}],"wp:featuredmedia":[{"embeddable":true,"href":"https:\/\/www.brundisium.net\/index.php\/wp-json\/wp\/v2\/media\/174567"}],"wp:attachment":[{"href":"https:\/\/www.brundisium.net\/index.php\/wp-json\/wp\/v2\/media?parent=174566"}],"wp:term":[{"taxonomy":"category","embeddable":true,"href":"https:\/\/www.brundisium.net\/index.php\/wp-json\/wp\/v2\/categories?post=174566"},{"taxonomy":"post_tag","embeddable":true,"href":"https:\/\/www.brundisium.net\/index.php\/wp-json\/wp\/v2\/tags?post=174566"}],"curies":[{"name":"wp","href":"https:\/\/api.w.org\/{rel}","templated":true}]}}