{"id":174606,"date":"2020-07-13T15:43:24","date_gmt":"2020-07-13T13:43:24","guid":{"rendered":"http:\/\/www.brundisium.net\/?p=174606"},"modified":"2020-07-13T15:43:24","modified_gmt":"2020-07-13T13:43:24","slug":"saponaro-lega-no-alla-trasformazione-del-centro-cara-in-un-centro-covid-per-migranti","status":"publish","type":"post","link":"https:\/\/www.brundisium.net\/index.php\/saponaro-lega-no-alla-trasformazione-del-centro-cara-in-un-centro-covid-per-migranti\/","title":{"rendered":"Saponaro (Lega): &#8220;no alla trasformazione del Centro Cara in un centro Covid per migranti&#8221;"},"content":{"rendered":"<p>Con forza e determinazione esprimiamo tutta la nostra contrariet\u00e0 all&#8217;imminitene trasformazione del Centro Cara di Restinco in un Centro dove ospitare Migranti in arrivo in Italia positivi al Covid da tenere in quarantena.<\/p>\n<p>L&#8217;imminente trasferimento degli ospiti del Centro Cara di Restinco circa 50 Migranti verso i centri di accoglienza della Regione Lazio per consentire di trasformare il Cara di Restinco in un centro Covid per ospitare Migranti positivi al Covid \u00e8 una decisione che penalizza e mette in allarme il nostro territorio che ha gi\u00e0 mostrato durante l&#8217;emergenza Covid dei mesi scorsi tutte le criticit\u00e0 della struttura sanitaria a sopportare il peso dell&#8217;emergenza, perch\u00e9 Brindisi, perch\u00e9 un territorio gi\u00e0 segnato da tante emergenze sociali deve essere ancora una volta coinvolto in un ulteriore prova di difficolt\u00e0 e di emergenza?<\/p>\n<p>Non riteniamo la scelta del Ministero rispettosa della popolazione Brindisina, non rispettosa delle stesse Forze dell&#8217;Ordine che nonostante il numero esiguo di uomini con grandi sacrifici garantiscono la nostra sicurezza e non possono essere appesantiti da una situazione che per forza di cose porter\u00e0 a un sistema di vigilanza particolare e continuo.<\/p>\n<p>L&#8217;incapacit\u00e0 del Governo Centrale a gestire i fenomeni di immigrazione clandestina con quello che sta accadendo nelle ultime ore non pu\u00f2 mettere a repentaglio la sicurezza della comunit\u00e0 Brindisina che con grande compostezza hanno rispettato le restrizioni imposte del Governo, hanno rispetta regole e decreti per preservare la loro salute che oggi viene messa in pericolo con una decisione sbagliata, in un luogo sbagliato, in una realt\u00e0 che non pu\u00f2 sopportare ulteriori emergenze.<\/p>\n<p>&nbsp;<\/p>\n<p>&nbsp;<\/p>\n<p>Ercole Saponaro<br \/>\nCapo Gruppo Lega &#8211; Comune di Brindisi<\/p>\n","protected":false},"excerpt":{"rendered":"<p>Con forza e determinazione esprimiamo tutta la nostra contrariet\u00e0 all&#8217;imminitene trasformazione del Centro Cara di Restinco in un Centro dove ospitare Migranti in arrivo in Italia positivi al Covid da tenere in quarantena. L&#8217;imminente trasferimento degli ospiti del Centro Cara di Restinco circa 50 Migranti verso i centri di accoglienza della Regione Lazio per consentire di trasformare il Cara di Restinco in un centro Covid per ospitare Migranti positivi al Covid \u00e8 una decisione che penalizza e mette in allarme il nostro territorio che ha gi\u00e0 mostrato durante l&#8217;emergenza Covid dei mesi scorsi tutte le criticit\u00e0 della struttura sanitaria a sopportare il peso dell&#8217;emergenza, perch\u00e9 Brindisi, perch\u00e9 un territorio gi\u00e0 segnato da tante emergenze sociali deve essere ancora una volta coinvolto in un ulteriore prova di difficolt\u00e0 e di emergenza? Non riteniamo la scelta del Ministero rispettosa della popolazione Brindisina, non rispettosa delle stesse Forze dell&#8217;Ordine che nonostante il numero esiguo di uomini con grandi sacrifici garantiscono la nostra sicurezza e non possono essere appesantiti da una situazione che per&#8230;<\/p>\n","protected":false},"author":2,"featured_media":145772,"comment_status":"open","ping_status":"closed","sticky":false,"template":"","format":"standard","meta":{"footnotes":""},"categories":[7],"tags":[],"class_list":["post-174606","post","type-post","status-publish","format-standard","has-post-thumbnail","hentry","category-news"],"_links":{"self":[{"href":"https:\/\/www.brundisium.net\/index.php\/wp-json\/wp\/v2\/posts\/174606","targetHints":{"allow":["GET"]}}],"collection":[{"href":"https:\/\/www.brundisium.net\/index.php\/wp-json\/wp\/v2\/posts"}],"about":[{"href":"https:\/\/www.brundisium.net\/index.php\/wp-json\/wp\/v2\/types\/post"}],"author":[{"embeddable":true,"href":"https:\/\/www.brundisium.net\/index.php\/wp-json\/wp\/v2\/users\/2"}],"replies":[{"embeddable":true,"href":"https:\/\/www.brundisium.net\/index.php\/wp-json\/wp\/v2\/comments?post=174606"}],"version-history":[{"count":1,"href":"https:\/\/www.brundisium.net\/index.php\/wp-json\/wp\/v2\/posts\/174606\/revisions"}],"predecessor-version":[{"id":174610,"href":"https:\/\/www.brundisium.net\/index.php\/wp-json\/wp\/v2\/posts\/174606\/revisions\/174610"}],"wp:featuredmedia":[{"embeddable":true,"href":"https:\/\/www.brundisium.net\/index.php\/wp-json\/wp\/v2\/media\/145772"}],"wp:attachment":[{"href":"https:\/\/www.brundisium.net\/index.php\/wp-json\/wp\/v2\/media?parent=174606"}],"wp:term":[{"taxonomy":"category","embeddable":true,"href":"https:\/\/www.brundisium.net\/index.php\/wp-json\/wp\/v2\/categories?post=174606"},{"taxonomy":"post_tag","embeddable":true,"href":"https:\/\/www.brundisium.net\/index.php\/wp-json\/wp\/v2\/tags?post=174606"}],"curies":[{"name":"wp","href":"https:\/\/api.w.org\/{rel}","templated":true}]}}