{"id":174613,"date":"2020-07-14T08:12:27","date_gmt":"2020-07-14T06:12:27","guid":{"rendered":"http:\/\/www.brundisium.net\/?p=174613"},"modified":"2020-07-14T08:18:09","modified_gmt":"2020-07-14T06:18:09","slug":"e-morto-alfredo-malcarne","status":"publish","type":"post","link":"https:\/\/www.brundisium.net\/index.php\/e-morto-alfredo-malcarne\/","title":{"rendered":"E&#8217; morto Alfredo Malcarne"},"content":{"rendered":"<p>Un infarto ha portato via Alfredo Malcarne, presidente della Camera di Commercio di Brindisi e Presidente nazionale di Assonautica.<\/p>\n<p>A settembre avrebbe compiuto 59 anni.<br \/>\nIl malore lo ha colto nella notte nell&#8217;abitazione in cui il dott. Malcarne viveva con la compagna e le sue figlie.<\/p>\n<p>Laureato in Economia e Commercio presso l\u2019Universit\u00e0 degli Studi di Bari con il massimo dei voti ed abilitato alla professione di Dottore Commercialista, l&#8217;attivit\u00e0 professionale di Malcarne si \u00e8 svolta principalmente in ruoli di responsabilit\u00e0 nella ConfCommercio.<\/p>\n<p>Nel 2004 entra nella Giunta della Camera di Commercio di Brindisi con il ruolo di Vice Presidente. Nel 2009 diventa Presidente, ruolo ricoperto ininterrottamente per l&#8217;ultimo decennio.<\/p>\n<p>Alfredo Malcarne ha lasciato il segno anche nello sport brindisino, inseguendo tre grandi passioni: il rugby, il ciclismo e la vela.<\/p>\n","protected":false},"excerpt":{"rendered":"<p>Un infarto ha portato via Alfredo Malcarne, presidente della Camera di Commercio di Brindisi e Presidente nazionale di Assonautica. A settembre avrebbe compiuto 59 anni. Il malore lo ha colto nella notte nell&#8217;abitazione in cui il dott. Malcarne viveva con la compagna e le sue figlie. Laureato in Economia e Commercio presso l\u2019Universit\u00e0 degli Studi di Bari con il massimo dei voti ed abilitato alla professione di Dottore Commercialista, l&#8217;attivit\u00e0 professionale di Malcarne si \u00e8 svolta principalmente in ruoli di responsabilit\u00e0 nella ConfCommercio. Nel 2004 entra nella Giunta della Camera di Commercio di Brindisi con il ruolo di Vice Presidente. Nel 2009 diventa Presidente, ruolo ricoperto ininterrottamente per l&#8217;ultimo decennio. Alfredo Malcarne ha lasciato il segno anche nello sport brindisino, inseguendo tre grandi passioni: il rugby, il ciclismo e la vela.<\/p>\n","protected":false},"author":2,"featured_media":172155,"comment_status":"open","ping_status":"closed","sticky":false,"template":"","format":"standard","meta":{"footnotes":""},"categories":[7],"tags":[],"class_list":["post-174613","post","type-post","status-publish","format-standard","has-post-thumbnail","hentry","category-news"],"_links":{"self":[{"href":"https:\/\/www.brundisium.net\/index.php\/wp-json\/wp\/v2\/posts\/174613","targetHints":{"allow":["GET"]}}],"collection":[{"href":"https:\/\/www.brundisium.net\/index.php\/wp-json\/wp\/v2\/posts"}],"about":[{"href":"https:\/\/www.brundisium.net\/index.php\/wp-json\/wp\/v2\/types\/post"}],"author":[{"embeddable":true,"href":"https:\/\/www.brundisium.net\/index.php\/wp-json\/wp\/v2\/users\/2"}],"replies":[{"embeddable":true,"href":"https:\/\/www.brundisium.net\/index.php\/wp-json\/wp\/v2\/comments?post=174613"}],"version-history":[{"count":4,"href":"https:\/\/www.brundisium.net\/index.php\/wp-json\/wp\/v2\/posts\/174613\/revisions"}],"predecessor-version":[{"id":174617,"href":"https:\/\/www.brundisium.net\/index.php\/wp-json\/wp\/v2\/posts\/174613\/revisions\/174617"}],"wp:featuredmedia":[{"embeddable":true,"href":"https:\/\/www.brundisium.net\/index.php\/wp-json\/wp\/v2\/media\/172155"}],"wp:attachment":[{"href":"https:\/\/www.brundisium.net\/index.php\/wp-json\/wp\/v2\/media?parent=174613"}],"wp:term":[{"taxonomy":"category","embeddable":true,"href":"https:\/\/www.brundisium.net\/index.php\/wp-json\/wp\/v2\/categories?post=174613"},{"taxonomy":"post_tag","embeddable":true,"href":"https:\/\/www.brundisium.net\/index.php\/wp-json\/wp\/v2\/tags?post=174613"}],"curies":[{"name":"wp","href":"https:\/\/api.w.org\/{rel}","templated":true}]}}