{"id":174712,"date":"2020-07-14T14:18:47","date_gmt":"2020-07-14T12:18:47","guid":{"rendered":"http:\/\/www.brundisium.net\/?p=174712"},"modified":"2020-07-16T09:21:36","modified_gmt":"2020-07-16T07:21:36","slug":"cgil-cisl-e-uil-finalmente-spiragli-per-i-lavoratori-della-santa-teresa","status":"publish","type":"post","link":"https:\/\/www.brundisium.net\/index.php\/cgil-cisl-e-uil-finalmente-spiragli-per-i-lavoratori-della-santa-teresa\/","title":{"rendered":"Cgil, Cisl e Uil: &#8220;finalmente spiragli per i lavoratori della Santa Teresa&#8221;"},"content":{"rendered":"<p>DOPO MESI DI SOFFERENZE E INCERTEZZE, i lavoratori dipendenti della societ\u00e0 Santa Teresa, in house dell\u2019Amministrazione Provinciale, oggi, intravedono un percorso che dovrebbe traguardare la fine dello stato della crisi della stessa societ\u00e0.<\/p>\n<p>FINALMENTE, CGIL \u2013 CISL \u2013 UIL con il Presidente della Task Force dr. Leo Caroli, il presidente dell\u2019agenzia ARPAL Puglia dr Massimo Cassano, il Presidente della Regione Puglia dr Michele Emiliano, il Presidente dell\u2019Amministrazione Provinciale dr Riccardo Rossi e il rappresentante legale della societ\u00e0 Santa Teresa dr. Giuseppe Marchionna, si \u00e8 sottoscritta una convenzione Pubblico-Pubblico per consentire ad alcuni lavoratori di rientrare dalla cassa integrazione e svolgere le attivit\u00e0 necessarie per assicurare la normale attivit\u00e0 lavorativa presso i Centri per l\u2019Impiego e sopperire cos\u00ec alla grave carenza di personale di personale degli stessi uffici che ha creato gravi disagi ai cittadini brindisini.<\/p>\n<p>E\u2019 solo un primo traguardo, il Sindacato tutto riconosce e ringrazia soprattutto il Presidente della Task Force per la tenacia e la professionalit\u00e0 profusa con tutta la dirigenza, superando mille ostacoli, portando le giuste deduzioni sulla bont\u00e0 dell\u2019operazione alla parte politica, che oggi, i massimi, convintamente, esprimevano con la sottoscrizione della convenzione, il buon lavoro fatto, nelle tantissime riunioni regionali in task force.<\/p>\n<p>Le OO.SS. con i soggetti in causa ci vede impegnati ancora per traguardare la fine della crisi aziendale attraverso purtroppo ulteriore cassa integrazione, equamente distribuita tra tutti i lavoratori. Occorre alla realizzare una strategia di sviluppo delle attivit\u00e0, come il progetto Cittadella della Ricerca, biblioteca provinciale e possibili altre attivit\u00e0 che possano dare stabilit\u00e0 alla stessa Societ\u00e0 e conseguentemente ai lavoratori addetti.<\/p>\n<p>Oggi \u00e8 stato anche deliberato il bando di concorso per il reclutamento di 578 persone a tempo pieno e indeterminato per il potenziamento dei centri per l\u2019impiego che auspichiamo ai lavoratori che hanno svolto per anni tali, come i dipendenti della Santa Teresa e i lavoratori degli Enti di formazione, trovino la stabilit\u00e0 occupazionale.<\/p>\n<p>Auspichiamo, cos\u00ec come chiesto dal sindacato e condiviso dal Presidente Caroli e dal Presidente della R.P., Michele Emiliano, un tavolo specifico sulle crisi del territorio di Brindisi e parlare di sviluppo della nostra cara Brindisi.<\/p>\n<p>&nbsp;<\/p>\n<p>&nbsp;<\/p>\n<p>I Segretari Confederali Generali Territoriali<br \/>\nCGIL CISL UIL<\/p>\n","protected":false},"excerpt":{"rendered":"<p>DOPO MESI DI SOFFERENZE E INCERTEZZE, i lavoratori dipendenti della societ\u00e0 Santa Teresa, in house dell\u2019Amministrazione Provinciale, oggi, intravedono un percorso che dovrebbe traguardare la fine dello stato della crisi della stessa societ\u00e0. FINALMENTE, CGIL \u2013 CISL \u2013 UIL con il Presidente della Task Force dr. Leo Caroli, il presidente dell\u2019agenzia ARPAL Puglia dr Massimo Cassano, il Presidente della Regione Puglia dr Michele Emiliano, il Presidente dell\u2019Amministrazione Provinciale dr Riccardo Rossi e il rappresentante legale della societ\u00e0 Santa Teresa dr. Giuseppe Marchionna, si \u00e8 sottoscritta una convenzione Pubblico-Pubblico per consentire ad alcuni lavoratori di rientrare dalla cassa integrazione e svolgere le attivit\u00e0 necessarie per assicurare la normale attivit\u00e0 lavorativa presso i Centri per l\u2019Impiego e sopperire cos\u00ec alla grave carenza di personale di personale degli stessi uffici che ha creato gravi disagi ai cittadini brindisini. E\u2019 solo un primo traguardo, il Sindacato tutto riconosce e ringrazia soprattutto il Presidente della Task Force per la tenacia e la professionalit\u00e0 profusa con tutta la dirigenza, superando mille ostacoli, portando le giuste deduzioni&#8230;<\/p>\n","protected":false},"author":2,"featured_media":174713,"comment_status":"open","ping_status":"closed","sticky":false,"template":"","format":"standard","meta":{"footnotes":""},"categories":[7],"tags":[],"class_list":["post-174712","post","type-post","status-publish","format-standard","has-post-thumbnail","hentry","category-news"],"_links":{"self":[{"href":"https:\/\/www.brundisium.net\/index.php\/wp-json\/wp\/v2\/posts\/174712","targetHints":{"allow":["GET"]}}],"collection":[{"href":"https:\/\/www.brundisium.net\/index.php\/wp-json\/wp\/v2\/posts"}],"about":[{"href":"https:\/\/www.brundisium.net\/index.php\/wp-json\/wp\/v2\/types\/post"}],"author":[{"embeddable":true,"href":"https:\/\/www.brundisium.net\/index.php\/wp-json\/wp\/v2\/users\/2"}],"replies":[{"embeddable":true,"href":"https:\/\/www.brundisium.net\/index.php\/wp-json\/wp\/v2\/comments?post=174712"}],"version-history":[{"count":1,"href":"https:\/\/www.brundisium.net\/index.php\/wp-json\/wp\/v2\/posts\/174712\/revisions"}],"predecessor-version":[{"id":174715,"href":"https:\/\/www.brundisium.net\/index.php\/wp-json\/wp\/v2\/posts\/174712\/revisions\/174715"}],"wp:featuredmedia":[{"embeddable":true,"href":"https:\/\/www.brundisium.net\/index.php\/wp-json\/wp\/v2\/media\/174713"}],"wp:attachment":[{"href":"https:\/\/www.brundisium.net\/index.php\/wp-json\/wp\/v2\/media?parent=174712"}],"wp:term":[{"taxonomy":"category","embeddable":true,"href":"https:\/\/www.brundisium.net\/index.php\/wp-json\/wp\/v2\/categories?post=174712"},{"taxonomy":"post_tag","embeddable":true,"href":"https:\/\/www.brundisium.net\/index.php\/wp-json\/wp\/v2\/tags?post=174712"}],"curies":[{"name":"wp","href":"https:\/\/api.w.org\/{rel}","templated":true}]}}