{"id":174724,"date":"2020-07-16T16:44:50","date_gmt":"2020-07-16T14:44:50","guid":{"rendered":"http:\/\/www.brundisium.net\/?p=174724"},"modified":"2020-07-16T16:44:50","modified_gmt":"2020-07-16T14:44:50","slug":"cara-di-restinco-attivita-di-sorveglianza-sanitaria-sugli-ospiti-stranieri","status":"publish","type":"post","link":"https:\/\/www.brundisium.net\/index.php\/cara-di-restinco-attivita-di-sorveglianza-sanitaria-sugli-ospiti-stranieri\/","title":{"rendered":"Cara di Restinco: attivit\u00e0 di sorveglianza sanitaria sugli ospiti stranieri"},"content":{"rendered":"<p>Nella mattinata odierna si \u00e8 svolta in Prefettura una riunione tecnica di coordinamento delle Forze di Polizia, presieduta dal Prefetto, con la partecipazione del Sindaco di Brindisi, del Direttore Generale e del Direttore Sanitario della ASL per fare il punto della situazione sugli ospiti presenti presso il Cara di Restinco, arrivati da Lampedusa nella tarda serata di marted\u00ec e sottoposti tutti a tampone nella giornata di ieri, di cui uno \u00e8 risultato positivo.<br \/>\nSulla base delle indicazioni del Dipartimento Servizio di Igiene e Sanit\u00e0 pubblica della locale Asl, la direzione dell\u2019Ente gestore del CARA ha provveduto immediatamente a porre in isolamento l\u2019ospite, in una zona insistente nell\u2019edificio posto nella struttura in questione, separata dalle unit\u00e0 abitative destinate all\u2019accoglienza dei migranti.<br \/>\nA seguito dell\u2019incontro odierno si \u00e8 convenuto che la ASL assicurer\u00e0, tramite un team specialistico, il monitoraggio costante su tutti gli ospiti, nonch\u00e9 la sorveglianza sanitaria e l\u2019assistenza sull\u2019ospite risultato positivo, con sottoposizione degli stessi a nuovo tampone nei prossimi giorni, secondo le indicazioni dello stesso Dipartimento di Prevenzione .<br \/>\nLa situazione \u00e8 seguita con ogni necessaria attenzione.<\/p>\n<p>&nbsp;<\/p>\n<p>PREFETTURA DI BRINDISI<\/p>\n","protected":false},"excerpt":{"rendered":"<p>Nella mattinata odierna si \u00e8 svolta in Prefettura una riunione tecnica di coordinamento delle Forze di Polizia, presieduta dal Prefetto, con la partecipazione del Sindaco di Brindisi, del Direttore Generale e del Direttore Sanitario della ASL per fare il punto della situazione sugli ospiti presenti presso il Cara di Restinco, arrivati da Lampedusa nella tarda serata di marted\u00ec e sottoposti tutti a tampone nella giornata di ieri, di cui uno \u00e8 risultato positivo. Sulla base delle indicazioni del Dipartimento Servizio di Igiene e Sanit\u00e0 pubblica della locale Asl, la direzione dell\u2019Ente gestore del CARA ha provveduto immediatamente a porre in isolamento l\u2019ospite, in una zona insistente nell\u2019edificio posto nella struttura in questione, separata dalle unit\u00e0 abitative destinate all\u2019accoglienza dei migranti. A seguito dell\u2019incontro odierno si \u00e8 convenuto che la ASL assicurer\u00e0, tramite un team specialistico, il monitoraggio costante su tutti gli ospiti, nonch\u00e9 la sorveglianza sanitaria e l\u2019assistenza sull\u2019ospite risultato positivo, con sottoposizione degli stessi a nuovo tampone nei prossimi giorni, secondo le indicazioni dello stesso Dipartimento di Prevenzione &#8230;.<\/p>\n","protected":false},"author":2,"featured_media":55267,"comment_status":"open","ping_status":"closed","sticky":false,"template":"","format":"standard","meta":{"footnotes":""},"categories":[7],"tags":[],"class_list":["post-174724","post","type-post","status-publish","format-standard","has-post-thumbnail","hentry","category-news"],"_links":{"self":[{"href":"https:\/\/www.brundisium.net\/index.php\/wp-json\/wp\/v2\/posts\/174724","targetHints":{"allow":["GET"]}}],"collection":[{"href":"https:\/\/www.brundisium.net\/index.php\/wp-json\/wp\/v2\/posts"}],"about":[{"href":"https:\/\/www.brundisium.net\/index.php\/wp-json\/wp\/v2\/types\/post"}],"author":[{"embeddable":true,"href":"https:\/\/www.brundisium.net\/index.php\/wp-json\/wp\/v2\/users\/2"}],"replies":[{"embeddable":true,"href":"https:\/\/www.brundisium.net\/index.php\/wp-json\/wp\/v2\/comments?post=174724"}],"version-history":[{"count":1,"href":"https:\/\/www.brundisium.net\/index.php\/wp-json\/wp\/v2\/posts\/174724\/revisions"}],"predecessor-version":[{"id":174729,"href":"https:\/\/www.brundisium.net\/index.php\/wp-json\/wp\/v2\/posts\/174724\/revisions\/174729"}],"wp:featuredmedia":[{"embeddable":true,"href":"https:\/\/www.brundisium.net\/index.php\/wp-json\/wp\/v2\/media\/55267"}],"wp:attachment":[{"href":"https:\/\/www.brundisium.net\/index.php\/wp-json\/wp\/v2\/media?parent=174724"}],"wp:term":[{"taxonomy":"category","embeddable":true,"href":"https:\/\/www.brundisium.net\/index.php\/wp-json\/wp\/v2\/categories?post=174724"},{"taxonomy":"post_tag","embeddable":true,"href":"https:\/\/www.brundisium.net\/index.php\/wp-json\/wp\/v2\/tags?post=174724"}],"curies":[{"name":"wp","href":"https:\/\/api.w.org\/{rel}","templated":true}]}}