{"id":174740,"date":"2020-07-16T17:37:50","date_gmt":"2020-07-16T15:37:50","guid":{"rendered":"http:\/\/www.brundisium.net\/?p=174740"},"modified":"2020-07-16T17:37:50","modified_gmt":"2020-07-16T15:37:50","slug":"de-michele-lega-domani-sit-in-a-restinco","status":"publish","type":"post","link":"https:\/\/www.brundisium.net\/index.php\/de-michele-lega-domani-sit-in-a-restinco\/","title":{"rendered":"De Michele (Lega): &#8220;domani sit-in a Restinco&#8221;"},"content":{"rendered":"<p>Il nostro paese sta vivendo, ancora oggi, causa Covid19, una delle peggiori crisi economico-sociali dal dopoguerra ad oggi. Una crisi maggiormente acuita, per colpa di un governo inefficace ed inconcludente, da una finta integrazione culturale ed una fallimentare politica dell&#8217;immigrazione che negli ultimi mesi \u00e8 ritornata prepotentemente a minacciare i nostri confini e la sicurezza nazionale.<\/p>\n<p>L&#8217;Italia deve riappropriarsi della propria identit\u00e0 e della propria sovranit\u00e0, ritornare ad essere protagonista e culla della cultura mondiale e meditterranea, richiamando ancora una volta l&#8217;Europa alle proprie responsabilit\u00e0.<\/p>\n<p>Ecco perch\u00e9 come Lega Brindisi, in piena contiguit\u00e0 al nostro leader Matteo Salvini, non possiamo accettare supinamente discutibili decisioni verticistiche che hanno previsto, senza preventiva ed opportuna concertazione con le istituzioni locali (vedasi lo sfogo del Sindaco Rossi non certo simpatizzante della Lega) il &#8220;ricovero&#8221; di circa 80 tunisini presso il Cara di Restinco, e dei quali uno risultato positivo al Covid19 come da fonte ufficiale della Prefettura.<\/p>\n<p>Un ricovero, quello di Restinco, assolutamente inopportuno sul piano logistico e strutturale: utilizzato come centro di accoglienza, ha dimostrato nei fatti tutte le sue problematicit\u00e0, le sue falle a livello di sicurezza, cos\u00ec come dimostrato dai tanti migranti sistematicamente fuggiti nel corso degli anni passati e nonostante i controlli delle nostre forze dell&#8217;ordine a cui va tutta la nostra vicinanza ed il nostro ringraziamento.<\/p>\n<p>Non solo: essendoci anche personale operante, il tutto potrebbe diventare un pericoloso focolaio Covid. I migranti positivi dovrebbero essere gestiti o su una nave, facile al controllo, oppure in un ospedale a ci\u00f2 destinato che non pu\u00f2 essere certo il Perrino di Brindisi, cos\u00ec come abbiamo gi\u00e0 dichiarato pi\u00f9 volte in passati comunicati. Pertanto, nel rispetto dei nostri valori e dei nostri programmi, e sempre pronti a difesa del nostro territorio, domani alle 17 terremo, presso Restinco, un pacifico e democratico presidio come Lega Brindisi non solo per dire No ad una politica scellerata dell&#8217;immigrazione, ma soprattutto per dimostrare la nostra solidariet\u00e0 alle Forze dell&#8217; Ordine e ai Lavoratori del Centro. Non siamo razzisti, e mai lo saremo, anzi: noi siamo per l&#8217;accoglienza regolare e condivisa, per l&#8217;integrazione culturale reale e sostanziale, ma siamo soprattutto orgogliosi di essere italiani, orgogliosi di lasciare ai nostri figli un&#8217; Italia sicura, civile ed autorevole.<\/p>\n<p>&nbsp;<\/p>\n<p><em><strong>Avv. Cosimo De Michele<\/strong><\/em><br \/>\n<em><strong>Segr. LEGA BRINDISI<\/strong><\/em><\/p>\n","protected":false},"excerpt":{"rendered":"<p>Il nostro paese sta vivendo, ancora oggi, causa Covid19, una delle peggiori crisi economico-sociali dal dopoguerra ad oggi. Una crisi maggiormente acuita, per colpa di un governo inefficace ed inconcludente, da una finta integrazione culturale ed una fallimentare politica dell&#8217;immigrazione che negli ultimi mesi \u00e8 ritornata prepotentemente a minacciare i nostri confini e la sicurezza nazionale. L&#8217;Italia deve riappropriarsi della propria identit\u00e0 e della propria sovranit\u00e0, ritornare ad essere protagonista e culla della cultura mondiale e meditterranea, richiamando ancora una volta l&#8217;Europa alle proprie responsabilit\u00e0. Ecco perch\u00e9 come Lega Brindisi, in piena contiguit\u00e0 al nostro leader Matteo Salvini, non possiamo accettare supinamente discutibili decisioni verticistiche che hanno previsto, senza preventiva ed opportuna concertazione con le istituzioni locali (vedasi lo sfogo del Sindaco Rossi non certo simpatizzante della Lega) il &#8220;ricovero&#8221; di circa 80 tunisini presso il Cara di Restinco, e dei quali uno risultato positivo al Covid19 come da fonte ufficiale della Prefettura. Un ricovero, quello di Restinco, assolutamente inopportuno sul piano logistico e strutturale: utilizzato come centro di accoglienza,&#8230;<\/p>\n","protected":false},"author":2,"featured_media":92230,"comment_status":"open","ping_status":"closed","sticky":false,"template":"","format":"standard","meta":{"footnotes":""},"categories":[7],"tags":[],"class_list":["post-174740","post","type-post","status-publish","format-standard","has-post-thumbnail","hentry","category-news"],"_links":{"self":[{"href":"https:\/\/www.brundisium.net\/index.php\/wp-json\/wp\/v2\/posts\/174740","targetHints":{"allow":["GET"]}}],"collection":[{"href":"https:\/\/www.brundisium.net\/index.php\/wp-json\/wp\/v2\/posts"}],"about":[{"href":"https:\/\/www.brundisium.net\/index.php\/wp-json\/wp\/v2\/types\/post"}],"author":[{"embeddable":true,"href":"https:\/\/www.brundisium.net\/index.php\/wp-json\/wp\/v2\/users\/2"}],"replies":[{"embeddable":true,"href":"https:\/\/www.brundisium.net\/index.php\/wp-json\/wp\/v2\/comments?post=174740"}],"version-history":[{"count":1,"href":"https:\/\/www.brundisium.net\/index.php\/wp-json\/wp\/v2\/posts\/174740\/revisions"}],"predecessor-version":[{"id":174742,"href":"https:\/\/www.brundisium.net\/index.php\/wp-json\/wp\/v2\/posts\/174740\/revisions\/174742"}],"wp:featuredmedia":[{"embeddable":true,"href":"https:\/\/www.brundisium.net\/index.php\/wp-json\/wp\/v2\/media\/92230"}],"wp:attachment":[{"href":"https:\/\/www.brundisium.net\/index.php\/wp-json\/wp\/v2\/media?parent=174740"}],"wp:term":[{"taxonomy":"category","embeddable":true,"href":"https:\/\/www.brundisium.net\/index.php\/wp-json\/wp\/v2\/categories?post=174740"},{"taxonomy":"post_tag","embeddable":true,"href":"https:\/\/www.brundisium.net\/index.php\/wp-json\/wp\/v2\/tags?post=174740"}],"curies":[{"name":"wp","href":"https:\/\/api.w.org\/{rel}","templated":true}]}}