{"id":174798,"date":"2020-07-18T14:22:26","date_gmt":"2020-07-18T12:22:26","guid":{"rendered":"http:\/\/www.brundisium.net\/?p=174798"},"modified":"2020-07-18T14:22:26","modified_gmt":"2020-07-18T12:22:26","slug":"restinco-fdi-incontra-il-prefetto","status":"publish","type":"post","link":"https:\/\/www.brundisium.net\/index.php\/restinco-fdi-incontra-il-prefetto\/","title":{"rendered":"Restinco: FdI incontra il Prefetto"},"content":{"rendered":"<p>Nel pomeriggio di ieri Fratelli d\u2019Italia della provincia di Brindisi, attraverso un flash mob presso il CARA di Restinco, ha manifestato per protestare contro la incomprensibile decisione del governo che ha permesso che ben 80 migranti fossero collocati presso il centro di accoglienza brindisino.<\/p>\n<p>Migranti, dalle poche notizie in possesso, a cui non erano stati fatti i tamponi e tra i quali uno \u00e8 risultato, di fatto, positivo al Covid 19.<\/p>\n<p>La paura di Fratelli d\u2019Italia e la protesta \u00e8 tesa a tutelare gli operatori e le forze dell\u2019ordine, che risultano in servizio all\u2019interno del centro, apparentemente senza alcuna tutela sanitaria, anche e soprattutto per la mancanza di adeguati dispositivi di protezione individuale.<\/p>\n<p>A margine della manifestazione una delegazione di Fratelli d\u2019Italia, con a capo l\u2019On. Ylenja Lucaselli, ha incontrato Sua Eccellenza il Prefetto di Brindisi, il Dott. Umberto Guidato.<\/p>\n<p>E\u2019 stato un incontro costruttivo nel corso del quale Fratelli d\u2019Italia ha espresso le perplessit\u00e0 e esposto le problematiche riferite alla collocazione dei migranti provenienti dagli sbarchi siciliani. Il Prefetto, dopo aver ascoltato e preso nota di quanto illustratogli, ha spiegato le ragioni che hanno spinto il governo ad inviare in quel sito i migranti ed ha rassicurato gli intervenuti dichiarando che tutti i migranti, gli operatori sanitari e il personale delle forze dell\u2019ordine sono stati sottoposti a tampone e che effettivamente un solo migrante \u00e8 risultato positivo e, lo stesso, \u00e8 stato messo in isolamento, in modo da non aver contatti con altri soggetti, e ci rester\u00e0 per tutto il tempo necessario affinch\u00e8 si riscontri la negativit\u00e0 al virus. Ha anche asserito che tutti gli operatori e le forze dell\u2019ordine in servizio presso il CARA sono stati dotati di adeguati Dispositivi di Protezione Individuale e che, cosa altrettanto importante, non sono previsti nuovi ingressi per il futuro.<\/p>\n<p>Tutti i migranti giunti sono di nazionalit\u00e0 tunisina, teoricamente non fuggono da nessuna guerra, e nei prossimi giorni, passato il periodo di quarantena, verranno avviate le procedure di rito e atte a verificare l\u2019eventuale permanenza in Italia o il rimpatrio nello stato di appartenza.<br \/>\nSi coglie l\u2019occasione di ringraziare pubblicamente Sua Eccelenza il Prefetto per la cortesia e\u00a0 ad incontrare la delegazione di Fratelli d\u2019Italia.<\/p>\n<p>&nbsp;<\/p>\n<p><em><strong>FRATELLI D&#8217;ITALIA BRINDISI<\/strong><\/em><\/p>\n","protected":false},"excerpt":{"rendered":"<p>Nel pomeriggio di ieri Fratelli d\u2019Italia della provincia di Brindisi, attraverso un flash mob presso il CARA di Restinco, ha manifestato per protestare contro la incomprensibile decisione del governo che ha permesso che ben 80 migranti fossero collocati presso il centro di accoglienza brindisino. Migranti, dalle poche notizie in possesso, a cui non erano stati fatti i tamponi e tra i quali uno \u00e8 risultato, di fatto, positivo al Covid 19. La paura di Fratelli d\u2019Italia e la protesta \u00e8 tesa a tutelare gli operatori e le forze dell\u2019ordine, che risultano in servizio all\u2019interno del centro, apparentemente senza alcuna tutela sanitaria, anche e soprattutto per la mancanza di adeguati dispositivi di protezione individuale. A margine della manifestazione una delegazione di Fratelli d\u2019Italia, con a capo l\u2019On. Ylenja Lucaselli, ha incontrato Sua Eccellenza il Prefetto di Brindisi, il Dott. Umberto Guidato. E\u2019 stato un incontro costruttivo nel corso del quale Fratelli d\u2019Italia ha espresso le perplessit\u00e0 e esposto le problematiche riferite alla collocazione dei migranti provenienti dagli sbarchi siciliani. Il Prefetto,&#8230;<\/p>\n","protected":false},"author":2,"featured_media":174801,"comment_status":"open","ping_status":"closed","sticky":false,"template":"","format":"standard","meta":{"footnotes":""},"categories":[7],"tags":[],"class_list":["post-174798","post","type-post","status-publish","format-standard","has-post-thumbnail","hentry","category-news"],"_links":{"self":[{"href":"https:\/\/www.brundisium.net\/index.php\/wp-json\/wp\/v2\/posts\/174798","targetHints":{"allow":["GET"]}}],"collection":[{"href":"https:\/\/www.brundisium.net\/index.php\/wp-json\/wp\/v2\/posts"}],"about":[{"href":"https:\/\/www.brundisium.net\/index.php\/wp-json\/wp\/v2\/types\/post"}],"author":[{"embeddable":true,"href":"https:\/\/www.brundisium.net\/index.php\/wp-json\/wp\/v2\/users\/2"}],"replies":[{"embeddable":true,"href":"https:\/\/www.brundisium.net\/index.php\/wp-json\/wp\/v2\/comments?post=174798"}],"version-history":[{"count":2,"href":"https:\/\/www.brundisium.net\/index.php\/wp-json\/wp\/v2\/posts\/174798\/revisions"}],"predecessor-version":[{"id":174802,"href":"https:\/\/www.brundisium.net\/index.php\/wp-json\/wp\/v2\/posts\/174798\/revisions\/174802"}],"wp:featuredmedia":[{"embeddable":true,"href":"https:\/\/www.brundisium.net\/index.php\/wp-json\/wp\/v2\/media\/174801"}],"wp:attachment":[{"href":"https:\/\/www.brundisium.net\/index.php\/wp-json\/wp\/v2\/media?parent=174798"}],"wp:term":[{"taxonomy":"category","embeddable":true,"href":"https:\/\/www.brundisium.net\/index.php\/wp-json\/wp\/v2\/categories?post=174798"},{"taxonomy":"post_tag","embeddable":true,"href":"https:\/\/www.brundisium.net\/index.php\/wp-json\/wp\/v2\/tags?post=174798"}],"curies":[{"name":"wp","href":"https:\/\/api.w.org\/{rel}","templated":true}]}}