{"id":174811,"date":"2020-07-18T19:48:49","date_gmt":"2020-07-18T17:48:49","guid":{"rendered":"http:\/\/www.brundisium.net\/?p=174811"},"modified":"2020-07-18T19:48:49","modified_gmt":"2020-07-18T17:48:49","slug":"curto-fi-emergenza-economica-brindisina-e-autentica-bomba-sociale","status":"publish","type":"post","link":"https:\/\/www.brundisium.net\/index.php\/curto-fi-emergenza-economica-brindisina-e-autentica-bomba-sociale\/","title":{"rendered":"Curto (FI): &#8220;emergenza economica brindisina \u00e8 autentica bomba sociale&#8221;"},"content":{"rendered":"<p>\u201cLa gravissima emergenza economica brindisina, acuita dagli effetti del Covid19, rappresenta una bomba ad altissimo potenziale che prima o poi, sicuramente pi\u00f9 prima che poi, non potr\u00e0 che deflagrare, con conseguenze devastanti anche sull\u2019ordine pubblico del capoluogo, oltre che sui complessivi equilibri sociali\u201d.<\/p>\n<p>&nbsp;<\/p>\n<p>A dichiararlo \u00e8 l\u2019ex senatore Euprepio Curto, a margine degli ultimi dati forniti da tutti gli organismi accreditati, secondo i quali gli effetti del Covid19, trasfusi in un sistema economico gravemente compromesso, come quello brindisino, starebbe per condurre al di sotto della soglia di povert\u00e0 pi\u00f9 della met\u00e0 delle famiglie del capoluogo messapico.<\/p>\n<p>&nbsp;<\/p>\n<p>\u201cSe a tutto ci\u00f2\u2013 ha proseguito l\u2019avv. Curto \u2013 si aggiungono i segnali inquietanti che vengono dai rigurgiti di una microcriminalit\u00e0 mai sufficientemente e adeguatamente contrastata, appare di tutta evidenza l\u2019assoluta necessit\u00e0 di elevare il livello di un dibattito politico locale che, tranne rarissime eccezioni, rimane da tempo confinato nell\u2019ambito della sterile polemica, nel mentre vanno affrontati senza indugio alcuno i temi dello sviluppo, del riscatto economico e della solidariet\u00e0 sociale\u201d.<\/p>\n<p>&nbsp;<\/p>\n<p>\u201cEbbene, sotto questo profilo \u2013 ha rimarcato l\u2019ex senatore &#8211; il dibattito politico brindisino registra da tempo una grande assenza: quella del ceto medio, ovvero di quella borghesia illuminata, composta da professionisti, tecnici, dirigenti, uomini di cultura e dell\u2019impresa, da troppo tempo per i pi\u00f9 diversi e svariati motivi rimasta ai margini dei grandi temi\u201d.<\/p>\n<p>&nbsp;<\/p>\n<p>\u201cQuesto segmento sociale \u2013 ha concluso l\u2019avv. Curto \u2013 va coinvolto senza indugi, nella individuazione di un modello di sviluppo che, consegnato e affidato, alla rappresentanza parlamentare locale, deve trovare riscontri nelle aule della Politica nazionale, s\u00ec da evitare a Brindisi un salto nel buio di periodi storici ormai dimenticati\u201d.<\/p>\n<p>&nbsp;<\/p>\n<p><em><strong>Avv. Euprepio Curto<\/strong><\/em><\/p>\n<p>&nbsp;<\/p>\n","protected":false},"excerpt":{"rendered":"<p>\u201cLa gravissima emergenza economica brindisina, acuita dagli effetti del Covid19, rappresenta una bomba ad altissimo potenziale che prima o poi, sicuramente pi\u00f9 prima che poi, non potr\u00e0 che deflagrare, con conseguenze devastanti anche sull\u2019ordine pubblico del capoluogo, oltre che sui complessivi equilibri sociali\u201d. &nbsp; A dichiararlo \u00e8 l\u2019ex senatore Euprepio Curto, a margine degli ultimi dati forniti da tutti gli organismi accreditati, secondo i quali gli effetti del Covid19, trasfusi in un sistema economico gravemente compromesso, come quello brindisino, starebbe per condurre al di sotto della soglia di povert\u00e0 pi\u00f9 della met\u00e0 delle famiglie del capoluogo messapico. &nbsp; \u201cSe a tutto ci\u00f2\u2013 ha proseguito l\u2019avv. Curto \u2013 si aggiungono i segnali inquietanti che vengono dai rigurgiti di una microcriminalit\u00e0 mai sufficientemente e adeguatamente contrastata, appare di tutta evidenza l\u2019assoluta necessit\u00e0 di elevare il livello di un dibattito politico locale che, tranne rarissime eccezioni, rimane da tempo confinato nell\u2019ambito della sterile polemica, nel mentre vanno affrontati senza indugio alcuno i temi dello sviluppo, del riscatto economico e della solidariet\u00e0 sociale\u201d. &nbsp;&#8230;<\/p>\n","protected":false},"author":2,"featured_media":174812,"comment_status":"open","ping_status":"closed","sticky":false,"template":"","format":"standard","meta":{"footnotes":""},"categories":[7],"tags":[],"class_list":["post-174811","post","type-post","status-publish","format-standard","has-post-thumbnail","hentry","category-news"],"_links":{"self":[{"href":"https:\/\/www.brundisium.net\/index.php\/wp-json\/wp\/v2\/posts\/174811","targetHints":{"allow":["GET"]}}],"collection":[{"href":"https:\/\/www.brundisium.net\/index.php\/wp-json\/wp\/v2\/posts"}],"about":[{"href":"https:\/\/www.brundisium.net\/index.php\/wp-json\/wp\/v2\/types\/post"}],"author":[{"embeddable":true,"href":"https:\/\/www.brundisium.net\/index.php\/wp-json\/wp\/v2\/users\/2"}],"replies":[{"embeddable":true,"href":"https:\/\/www.brundisium.net\/index.php\/wp-json\/wp\/v2\/comments?post=174811"}],"version-history":[{"count":1,"href":"https:\/\/www.brundisium.net\/index.php\/wp-json\/wp\/v2\/posts\/174811\/revisions"}],"predecessor-version":[{"id":174813,"href":"https:\/\/www.brundisium.net\/index.php\/wp-json\/wp\/v2\/posts\/174811\/revisions\/174813"}],"wp:featuredmedia":[{"embeddable":true,"href":"https:\/\/www.brundisium.net\/index.php\/wp-json\/wp\/v2\/media\/174812"}],"wp:attachment":[{"href":"https:\/\/www.brundisium.net\/index.php\/wp-json\/wp\/v2\/media?parent=174811"}],"wp:term":[{"taxonomy":"category","embeddable":true,"href":"https:\/\/www.brundisium.net\/index.php\/wp-json\/wp\/v2\/categories?post=174811"},{"taxonomy":"post_tag","embeddable":true,"href":"https:\/\/www.brundisium.net\/index.php\/wp-json\/wp\/v2\/tags?post=174811"}],"curies":[{"name":"wp","href":"https:\/\/api.w.org\/{rel}","templated":true}]}}