{"id":174912,"date":"2020-07-21T15:00:32","date_gmt":"2020-07-21T13:00:32","guid":{"rendered":"http:\/\/www.brundisium.net\/?p=174912"},"modified":"2020-07-21T13:04:06","modified_gmt":"2020-07-21T11:04:06","slug":"sabato-25-ciak-per-il-medit-summer-fashion-in-piazza-orsini","status":"publish","type":"post","link":"https:\/\/www.brundisium.net\/index.php\/sabato-25-ciak-per-il-medit-summer-fashion-in-piazza-orsini\/","title":{"rendered":"Sabato 25 ciak per il Medit Summer Fashion in Piazza Orsini"},"content":{"rendered":"<p>\u201cRisorgiamo dopo un lungo periodo di lockdown proprio dalla splendida piazza Orsini di Mesagne\u201d. Sono state queste le parole di Antonella Parziale, ideatrice e curatrice della kermesse di moda, all\u2019apertura della conferenza stampa di presentazione della XIII^ edizione del Medit Summer Fashion. Nell\u2019Auditorium del Castello erano presenti il vicesindaco della citt\u00e0 di Mesagne, Giuseppe Semeraro, l&#8217;assessore alle Politiche Sociali, Anna Maria Scalera e la dirigente scolastica dell\u2019I.P.S.S.S. \u201cF.L. Morvillo-Falcone\u201d di Brindisi, professoressa Irene Esposito.<br \/>\nL\u2019evento si svolger\u00e0 sabato prossimo, 25 luglio, ed avr\u00e0 come filo conduttore dell\u2019edizione il viaggio attraverso il cinema, la storia e la cultura. La manifestazione si aprir\u00e0 con una sorpresa che coinvolger\u00e0 i presenti.<\/p>\n<p>Lo scenario della splendida Piazza Orsini del Balzo far\u00e0 da sfondo a questo viaggio emozionandoci gi\u00e0 a partire dalla presentazione degli stilisti emergenti che hanno creato abiti ispirandosi al cinema (tema del concorso), per il quale saranno riconosciuti premi importanti che le partnership hanno messo a disposizione: premi che costituiscono un vero trampolino di lancio per il loro sogno nel cassetto.<br \/>\nQuest\u2019anno l\u2019Associazione Medit Summer Fashion si \u00e8 avvalsa della collaborazione di grandi partners tra cui \u201cBarolo Fashion Show\u201d, \u201cGlobe Cosenza Fashion Week\u201d, \u201cANGI Associazione Nuova Generazione Italo-Cinese\u201d e altre importanti organizzazioni come \u201cLa Chambre de Commerce Italienne Nice, Sophia Antipolis, Cote D\u2019azur\u201d, \u201cWenzhou University\u201d, realt\u00e0 che daranno possibilit\u00e0 rilevanti ai giovani emergenti in gara. Il viaggio inizier\u00e0 con una performance suggestiva ed emozionante contro gli stereotipi della nostra societ\u00e0, improntata sulla donna che ancor oggi viene continuamente etichettata.<\/p>\n<p>L\u2019attrice Chiara Pavoni di Roma porter\u00e0 in scena \u201cTHE QUEEN WHITE\u201d (La Regina di Carta), da un\u2019idea di Arianna Edran Di Lembo e Flavio Franseseni.<br \/>\nTappa successiva del \u201cviaggio\u201d sar\u00e0 dedicata agli stilisti ospiti che, con collezioni alternative, trasgressive e romantiche, ci terranno col fiato sospeso.<\/p>\n<p>Gli allestimenti della Piazza saranno un tripudio all\u2019arte e alla donna, con le opere create dall\u2019artista internazionale Florenza Lessa che ci omagger\u00e0 con i suoi suggestivi dipinti dedicati alle donne che tutti potranno ammirare stupendoci in passerella con Caftani dipinti a mano. Le acconciature e il Make Up saranno curati da un team di professionisti del Centro Studi Meridiana (istituto di formazione professionale) con sede in Latiano.<\/p>\n<p>&nbsp;<\/p>\n<p>Stilisti emergenti in concorso<br \/>\nAngelo Scatigno (Barletta) &#8211; Antonella Stomeo (Lecce) &#8211; Cheren Surfaro (Reggio Calabria) &#8211; Giuseppe Mattucci (Fossaciesa) &#8211; Lorenzo Spagnolo Maria Calugarenao (Brindisi) &#8211; Martina Tempesta (Roma), ognuno con creazioni dedicate a Film o ad attrici.<\/p>\n<p>&nbsp;<\/p>\n<p>Gli stilisti ospiti<br \/>\nMassimo Orsini, Couture Mesagne<br \/>\nAtelier Concari, Patrizia Brescia<br \/>\nFabio Arsenio, Alta Moda Brindisi<br \/>\nMarina D\u2019Antone, Fashion Artist Catania<br \/>\nGiulia Petronella, WOO Mesagne<br \/>\nFlorenza Lessa, Artista Adelfia<\/p>\n<p>&nbsp;<\/p>\n<p>La giuria degli esperti che decreter\u00e0 i vincitori sar\u00e0 composta da: Massimo Orsini stilista di fama Nazionale, Marina Garau (BFS), Giada Falcone (Globe), Pamela Spinelli (giornalista Telenorba), Silvia Viterbo (giornalista moda Nazionale), Rocco Loparco (Critico d\u2019arte) e Maria Maddalena Sardella (Imprenditrice).<\/p>\n<p>&nbsp;<\/p>\n<p>La serata verr\u00e0 condotta dal blogger di moda Danilo Fornaro e Antonella Parziale.<\/p>\n<p>&nbsp;<\/p>\n<p>Si ringrazia l\u2019Azienda Rafinox di Nicola Aresta con sede a Latiano, per aver messo a disposizione tutti i dispositivi di protezione individuale anticontagio Covid19, la Divella S.p.A. nella figura del Dott. Cav. Vincenzo Divella, il Comune di Mesagne nella figura del Sindaco Toni Matarrelli per averci messo a disposizione la splendida Piazza Orsini del Balzo, dove andr\u00e0 in scena il Medit Summer Fashion.<\/p>\n","protected":false},"excerpt":{"rendered":"<p>\u201cRisorgiamo dopo un lungo periodo di lockdown proprio dalla splendida piazza Orsini di Mesagne\u201d. Sono state queste le parole di Antonella Parziale, ideatrice e curatrice della kermesse di moda, all\u2019apertura della conferenza stampa di presentazione della XIII^ edizione del Medit Summer Fashion. Nell\u2019Auditorium del Castello erano presenti il vicesindaco della citt\u00e0 di Mesagne, Giuseppe Semeraro, l&#8217;assessore alle Politiche Sociali, Anna Maria Scalera e la dirigente scolastica dell\u2019I.P.S.S.S. \u201cF.L. Morvillo-Falcone\u201d di Brindisi, professoressa Irene Esposito. L\u2019evento si svolger\u00e0 sabato prossimo, 25 luglio, ed avr\u00e0 come filo conduttore dell\u2019edizione il viaggio attraverso il cinema, la storia e la cultura. La manifestazione si aprir\u00e0 con una sorpresa che coinvolger\u00e0 i presenti. Lo scenario della splendida Piazza Orsini del Balzo far\u00e0 da sfondo a questo viaggio emozionandoci gi\u00e0 a partire dalla presentazione degli stilisti emergenti che hanno creato abiti ispirandosi al cinema (tema del concorso), per il quale saranno riconosciuti premi importanti che le partnership hanno messo a disposizione: premi che costituiscono un vero trampolino di lancio per il loro sogno nel cassetto. Quest\u2019anno&#8230;<\/p>\n","protected":false},"author":2,"featured_media":174914,"comment_status":"open","ping_status":"closed","sticky":false,"template":"","format":"standard","meta":{"footnotes":""},"categories":[7],"tags":[],"class_list":["post-174912","post","type-post","status-publish","format-standard","has-post-thumbnail","hentry","category-news"],"_links":{"self":[{"href":"https:\/\/www.brundisium.net\/index.php\/wp-json\/wp\/v2\/posts\/174912","targetHints":{"allow":["GET"]}}],"collection":[{"href":"https:\/\/www.brundisium.net\/index.php\/wp-json\/wp\/v2\/posts"}],"about":[{"href":"https:\/\/www.brundisium.net\/index.php\/wp-json\/wp\/v2\/types\/post"}],"author":[{"embeddable":true,"href":"https:\/\/www.brundisium.net\/index.php\/wp-json\/wp\/v2\/users\/2"}],"replies":[{"embeddable":true,"href":"https:\/\/www.brundisium.net\/index.php\/wp-json\/wp\/v2\/comments?post=174912"}],"version-history":[{"count":1,"href":"https:\/\/www.brundisium.net\/index.php\/wp-json\/wp\/v2\/posts\/174912\/revisions"}],"predecessor-version":[{"id":174915,"href":"https:\/\/www.brundisium.net\/index.php\/wp-json\/wp\/v2\/posts\/174912\/revisions\/174915"}],"wp:featuredmedia":[{"embeddable":true,"href":"https:\/\/www.brundisium.net\/index.php\/wp-json\/wp\/v2\/media\/174914"}],"wp:attachment":[{"href":"https:\/\/www.brundisium.net\/index.php\/wp-json\/wp\/v2\/media?parent=174912"}],"wp:term":[{"taxonomy":"category","embeddable":true,"href":"https:\/\/www.brundisium.net\/index.php\/wp-json\/wp\/v2\/categories?post=174912"},{"taxonomy":"post_tag","embeddable":true,"href":"https:\/\/www.brundisium.net\/index.php\/wp-json\/wp\/v2\/tags?post=174912"}],"curies":[{"name":"wp","href":"https:\/\/api.w.org\/{rel}","templated":true}]}}