{"id":174953,"date":"2020-07-22T16:01:38","date_gmt":"2020-07-22T14:01:38","guid":{"rendered":"http:\/\/www.brundisium.net\/?p=174953"},"modified":"2020-07-22T16:01:38","modified_gmt":"2020-07-22T14:01:38","slug":"domani-la-presentazione-dellostuni-soundtrack-festival-osf","status":"publish","type":"post","link":"https:\/\/www.brundisium.net\/index.php\/domani-la-presentazione-dellostuni-soundtrack-festival-osf\/","title":{"rendered":"Domani la presentazione dell&#8217;Ostuni Soundtrack Festival OSF"},"content":{"rendered":"<p>Domani, gioved\u00ec 23 luglio, alle ore 11, presso il Palazzo di Citt\u00e0 di Ostuni, verr\u00e0 presentata alla stampa la prima edizione dell\u2019Ostuni Soundtrack Festival.<\/p>\n<p>\u201cNonostante le difficolt\u00e0 create dalla pandemia \u2013 riferisce il Sindaco e Assessore alla Cultura e al Turismo Guglielmo Cavallo \u2013 abbiamo allestito un calendario estivo di tutto rispetto e tenevamo a realizzare anche questa prima edizione del Festival che vogliamo caratterizzi la nostra citt\u00e0 in futuro.\u201d<\/p>\n<p>&nbsp;<\/p>\n<p>Il Soundtrack Festival si svolger\u00e0 dal 18 al 27 agosto all\u2019interno del Foro Boario, soprannominato per l\u2019occasione \u201cArena Bianca\u201d e per uno spettacolo all\u2019alba in Viale Oronzo Quaranta. L\u2019edizione di quest\u2019anno vede la collaborazione di Teatro Pubblico Pugliese, Bass Culture, Aurora Eventi e Casarmonica ed \u00e8 inserita nelle iniziative dell\u2019anno felliniano con il marchio Fellini100.<\/p>\n<p>&nbsp;<\/p>\n<p>A presentare l\u2019evento saranno:<br \/>\nGuglielmo Cavallo \u2013 Sindaco di Ostuni<br \/>\nMirko Lodedo \u2013 Direttore artistico dell\u2019Ostuni Soundtrack Festival<br \/>\nMaddalena Tulanti \u2013 Teatro Pubblico Pugliese<br \/>\nVincenzo Bellini \u2013 Bass Culture<br \/>\nLivio Iaia \u2013 Aurora Eventi.<\/p>\n","protected":false},"excerpt":{"rendered":"<p>Domani, gioved\u00ec 23 luglio, alle ore 11, presso il Palazzo di Citt\u00e0 di Ostuni, verr\u00e0 presentata alla stampa la prima edizione dell\u2019Ostuni Soundtrack Festival. \u201cNonostante le difficolt\u00e0 create dalla pandemia \u2013 riferisce il Sindaco e Assessore alla Cultura e al Turismo Guglielmo Cavallo \u2013 abbiamo allestito un calendario estivo di tutto rispetto e tenevamo a realizzare anche questa prima edizione del Festival che vogliamo caratterizzi la nostra citt\u00e0 in futuro.\u201d &nbsp; Il Soundtrack Festival si svolger\u00e0 dal 18 al 27 agosto all\u2019interno del Foro Boario, soprannominato per l\u2019occasione \u201cArena Bianca\u201d e per uno spettacolo all\u2019alba in Viale Oronzo Quaranta. L\u2019edizione di quest\u2019anno vede la collaborazione di Teatro Pubblico Pugliese, Bass Culture, Aurora Eventi e Casarmonica ed \u00e8 inserita nelle iniziative dell\u2019anno felliniano con il marchio Fellini100. &nbsp; A presentare l\u2019evento saranno: Guglielmo Cavallo \u2013 Sindaco di Ostuni Mirko Lodedo \u2013 Direttore artistico dell\u2019Ostuni Soundtrack Festival Maddalena Tulanti \u2013 Teatro Pubblico Pugliese Vincenzo Bellini \u2013 Bass Culture Livio Iaia \u2013 Aurora Eventi.<\/p>\n","protected":false},"author":2,"featured_media":174954,"comment_status":"open","ping_status":"closed","sticky":false,"template":"","format":"standard","meta":{"footnotes":""},"categories":[7],"tags":[],"class_list":["post-174953","post","type-post","status-publish","format-standard","has-post-thumbnail","hentry","category-news"],"_links":{"self":[{"href":"https:\/\/www.brundisium.net\/index.php\/wp-json\/wp\/v2\/posts\/174953","targetHints":{"allow":["GET"]}}],"collection":[{"href":"https:\/\/www.brundisium.net\/index.php\/wp-json\/wp\/v2\/posts"}],"about":[{"href":"https:\/\/www.brundisium.net\/index.php\/wp-json\/wp\/v2\/types\/post"}],"author":[{"embeddable":true,"href":"https:\/\/www.brundisium.net\/index.php\/wp-json\/wp\/v2\/users\/2"}],"replies":[{"embeddable":true,"href":"https:\/\/www.brundisium.net\/index.php\/wp-json\/wp\/v2\/comments?post=174953"}],"version-history":[{"count":1,"href":"https:\/\/www.brundisium.net\/index.php\/wp-json\/wp\/v2\/posts\/174953\/revisions"}],"predecessor-version":[{"id":174955,"href":"https:\/\/www.brundisium.net\/index.php\/wp-json\/wp\/v2\/posts\/174953\/revisions\/174955"}],"wp:featuredmedia":[{"embeddable":true,"href":"https:\/\/www.brundisium.net\/index.php\/wp-json\/wp\/v2\/media\/174954"}],"wp:attachment":[{"href":"https:\/\/www.brundisium.net\/index.php\/wp-json\/wp\/v2\/media?parent=174953"}],"wp:term":[{"taxonomy":"category","embeddable":true,"href":"https:\/\/www.brundisium.net\/index.php\/wp-json\/wp\/v2\/categories?post=174953"},{"taxonomy":"post_tag","embeddable":true,"href":"https:\/\/www.brundisium.net\/index.php\/wp-json\/wp\/v2\/tags?post=174953"}],"curies":[{"name":"wp","href":"https:\/\/api.w.org\/{rel}","templated":true}]}}