{"id":175003,"date":"2020-07-23T16:27:46","date_gmt":"2020-07-23T14:27:46","guid":{"rendered":"http:\/\/www.brundisium.net\/?p=175003"},"modified":"2020-07-23T18:41:53","modified_gmt":"2020-07-23T16:41:53","slug":"presentata-la-prima-edizione-dellostuni-soundtrack-festival-osf","status":"publish","type":"post","link":"https:\/\/www.brundisium.net\/index.php\/presentata-la-prima-edizione-dellostuni-soundtrack-festival-osf\/","title":{"rendered":"Presentata la prima edizione dell\u2019Ostuni Soundtrack Festival OSF"},"content":{"rendered":"<p><a href=\"http:\/\/www.brundisium.net\/brun\/wp-content\/uploads\/2020\/07\/osf-presentazione.jpeg\"><img loading=\"lazy\" decoding=\"async\" class=\"alignleft size-medium wp-image-175009\" src=\"http:\/\/www.brundisium.net\/brun\/wp-content\/uploads\/2020\/07\/osf-presentazione-300x169.jpeg\" alt=\"\" width=\"300\" height=\"169\" srcset=\"https:\/\/www.brundisium.net\/brun\/wp-content\/uploads\/2020\/07\/osf-presentazione-300x169.jpeg 300w, https:\/\/www.brundisium.net\/brun\/wp-content\/uploads\/2020\/07\/osf-presentazione-1024x576.jpeg 1024w, https:\/\/www.brundisium.net\/brun\/wp-content\/uploads\/2020\/07\/osf-presentazione-768x432.jpeg 768w, https:\/\/www.brundisium.net\/brun\/wp-content\/uploads\/2020\/07\/osf-presentazione-1536x864.jpeg 1536w, https:\/\/www.brundisium.net\/brun\/wp-content\/uploads\/2020\/07\/osf-presentazione.jpeg 1600w\" sizes=\"auto, (max-width: 300px) 100vw, 300px\" \/><\/a>Le difficolt\u00e0 legate all\u2019emergenza coronavirus non fermano la prima edizione del Soundtrack Festival che si svolger\u00e0 presso l\u2019Arena Bianca di Ostuni (Foro Boario) dal 18 al 27 agosto.<\/p>\n<p>L\u2019Osf \u00e8 stato presentato nella mattinata di oggi presso il Chiostro di Palazzo San Francesco alla presenza del Sindaco, Guglielmo Cavallo, del direttore artistico del Festival, Mirko Lodedo, del consigliere del Teatro Pubblico Pugliese, Maddalena Tulanti e del presidente di Bass Culture, Vincenzo Bellini.<\/p>\n<p>\u201cNonostante le difficolt\u00e0 create dalla pandemia \u2013 spiega il Sindaco e Assessore alla Cultura e al Turismo Guglielmo Cavallo \u2013 abbiamo allestito un calendario estivo di tutto rispetto e tenevamo a realizzare anche questa prima edizione del Festival che vogliamo caratterizzi la nostra citt\u00e0 in futuro. Un lavoro di un anno che \u00e8 stato adattato alle esigenze e all\u2019emergenza. Un cartellone di grande qualit\u00e0 il cui filo conduttore sono le colonne sonore. Siamo partiti dal logo scelto dopo un concorso di idee e siamo riusciti a mettere insieme una serie di concerti di artisti che con grande entusiasmo hanno accettato di far parte di questo Festival. Il ringraziamento va a tutti gli attori di questa prima edizione che nonostante le difficolt\u00e0 hanno scommesso sulla ripartenza \u201d<\/p>\n<p>&nbsp;<\/p>\n<p>Il Soundtrack Festival si svolger\u00e0 dal 18 al 27 agosto all\u2019interno del Foro Boario, soprannominato per l\u2019occasione \u201cArena Bianca\u201d e per uno spettacolo all\u2019alba in Viale Oronzo Quaranta. L\u2019edizione di quest\u2019anno vede la collaborazione di Teatro Pubblico Pugliese, Bass Culture, Aurora Eventi e Casarmonica ed \u00e8 inserita nelle iniziative dell\u2019anno felliniano con il marchio Fellini100.<\/p>\n<p>&nbsp;<\/p>\n<p><a href=\"http:\/\/www.brundisium.net\/brun\/wp-content\/uploads\/2020\/07\/osf-2021-locandina.jpg\"><img loading=\"lazy\" decoding=\"async\" class=\"alignleft size-medium wp-image-175010\" src=\"http:\/\/www.brundisium.net\/brun\/wp-content\/uploads\/2020\/07\/osf-2021-locandina-210x300.jpg\" alt=\"\" width=\"210\" height=\"300\" srcset=\"https:\/\/www.brundisium.net\/brun\/wp-content\/uploads\/2020\/07\/osf-2021-locandina-210x300.jpg 210w, https:\/\/www.brundisium.net\/brun\/wp-content\/uploads\/2020\/07\/osf-2021-locandina-717x1024.jpg 717w, https:\/\/www.brundisium.net\/brun\/wp-content\/uploads\/2020\/07\/osf-2021-locandina-768x1097.jpg 768w, https:\/\/www.brundisium.net\/brun\/wp-content\/uploads\/2020\/07\/osf-2021-locandina.jpg 1000w\" sizes=\"auto, (max-width: 210px) 100vw, 210px\" \/><\/a>Ecco il programma del Festival.<\/p>\n<p>Marted\u00ec 18 agosto 2020 ore 5:40 \u2013 Viale Oronzo Quaranta<br \/>\nll Duo Opera Prima, M\u00b0Ludovica Rana -violoncello &#8211; e M\u00b0Stefania Argentieri &#8211; pianoforte, ci condurr\u00e0 dall\u2019oscurit\u00e0 della notte ai meravigliosi colori dell\u2019alba attraverso un viaggio in musica, tra le pi\u00f9 belle colonne sonore di sempre, simbolo di risveglio e rinascita, un incoraggiamento alla vita di cui tutti abbiamo grande bisogno. Il concerto \u00e8 prodotto dall&#8217;Associazione Auditorium con la partecipazione del Teatro Pubblico Pugliese e il Patrocinio del Comune di Ostuni. Ingresso Gratuito. A breve info per prenotazione dei posti<\/p>\n<p>&nbsp;<\/p>\n<p>Mercoled\u00ec 19 agosto 2020 ore 21:00 \u2013 Arena Bianca (Foro Boario) Max Gazz\u00e8<br \/>\nIl primo ad aver riaperto la stagione dei concerti, Max Gazz\u00e8 scende in palco per l&#8217;estate 2020. Max Gazz\u00e8 sar\u00e0 accompagnato dalla sua band storica; nessuna formazione ridotta n\u00e9 di musicisti, n\u00e9 di crew tecnica e di produzione, tutti di nuovo sul palco per rilanciare la filiera della musica dal vivo. La scaletta mescoler\u00e0 i successi dei primi album ai brani pi\u00f9 recenti e non mancheranno le sorprese riguardanti le colonne sonore a partire da quelle scritte da lui, in un viaggio nella trasversalit\u00e0, da sempre caratteristica fondamentale dell\u2019artista. Biglietti su Dice.fm e Ticketone<\/p>\n<p>&nbsp;<\/p>\n<p>Gioved\u00ec 20 agosto 2020 ore 21:00 &#8211; Arena Bianca (Foro Boario) PFM<br \/>\nPFM \u2013 Premiata Forneria Marconi, dopo lo stop imposto dalle disposizioni ministeriali, torna con alcune date del fortunatissimo tour \u201cPFM CANTA DE ANDR\u00c9 &#8211; Anniversary\u201d. Un viaggio nello storico concerto celebrato da un film proiettato a fine 2019 in tutte le sale. Ad impreziosire le serate ci sar\u00e0 anche la videoproiezione delle fotografie storiche di GUIDO HARARI che ritraggono la band insieme all\u2019amico Faber. Biglietti su Vivaticket.<\/p>\n<p>&nbsp;<\/p>\n<p>Venerd\u00ec 21 agosto 2020 ore 21:00 &#8211; Arena Bianca (Foro Boario) RIMBAMBAND<br \/>\nUn sassofonista rubato alla banda di paese, un contrabbassista stralunato, un pianista virtuoso, un batterista rompiscatole, un capobanda: in sintesi la Rimbamband. Cinque musicisti, un po\u2019 suonati, ma straordinari, che incantano, creano, illudono, emozionano, demistificano, provocano, giocano. La Rimbamband intreccia note e comicit\u00e0, \u00e8 musica che fa ridere e divertire, \u00e8 l\u2019alchimia che sciorina molteplici e infiniti talenti. Cinque \u201csuonattori\u201d che definire strumentisti sarebbe decisamente riduttivo. Raffaello Tullo (voce e percussioni), Renato Ciardo(batterista), Vittorio Bruno (contrabbasso), Nicol\u00f2 Pantaleo (sax e tromba) e Francesco Pagliarulo(pianoforte) sono anche attori, mimi, cantanti, cabarettisti, comici e improvvisatori. Ma, ovviamente e soprattutto, straordinari musicisti. Cos\u00ec lo spettacolo presenta, assieme ad alcuni inediti, i pezzi pi\u00f9 amati con i quali la Rimbamband ha fatto ridere negli ultimi anni tutti i teatri d\u2019Italia con un occhio alle Colonne Sonore. Un vero tour de force della comicit\u00e0, nel quale il pubblico si trover\u00e0 in bal\u00eca di cinque talentuosi musicisti \u201cin perenne disaccordo armonico tra loro\u201d. Allo spegnersi delle luci, come per magia, il reale si far\u00e0 surreale, l\u2019impossibile diventer\u00e0 possibile, il possibile improbabile. Lo spettacolo mescola musica, mimo, clownerie, tip tap, teatro di \ufb01gura, rumorismo, fantasia teatrale, parodie, un\u2019ora e mezza segnata da un ritmo comico incalzante e servita con energia travolgente. Biglietti su Dice.fm e Ticketone.<\/p>\n<p>&nbsp;<\/p>\n<p>Luned\u00ec 24 agosto 2020 ore 21:00 &#8211; Arena Bianca (Foro Boario) MIRKO LODEDO<br \/>\nLa musica di Mirko Lodedo della colonna sonora omonima del film \u201cLa vita in comune\u201d di Edoardo Winspeare, presentato nel settembre 2017 alla 74a Mostra del Cinema di Venezia, far\u00e0 da protagonista il 24 Agosto 2020 nell\u2019 Ostuni Soundtrack Festival. Lasciando intatti i dialoghi e i suoni in presa diretta, l\u2019ensemble de La vita in comune (Giuseppe Grassi al violoncello, Paolo Battista alla viola, Flavia Truppa e Silvia Grasso ai violini, Adolfo La Volpe alle chitarre e strumenti a corda etnici, Francesco Bellanova alle chitarre classica ed acustica, Gianni Gelao ai fiati etnici e Mirko Lodedo al pianoforte), in una sincronizzazione live, musicher\u00e0 i momenti del film durante la sua visione. Insomma un esperimento contemporaneo quanto antico, in cui il pubblico guarder\u00e0 il lungometraggio con la musica dal vivo. Esattamente come succedeva nelle sale agli inizi del \u2018900. Ingresso Gratuito. Prenotazioni su dice.fm.<\/p>\n<p>&nbsp;<\/p>\n<p>Gioved\u00ec 27 agosto 2020 ore 21:0 &#8211; Arena Bianca (Foro Boario) ORCHESTRA SINFONICA LECCE E SALENTO<br \/>\n&#8220;Music Movies&#8221; dell\u2019Oles (Orchestra sinfonica di Lecce e del Salento) in un appuntamento tra musica e cinema con &#8220;Music Movies&#8221;. Il concerto finale dell&#8217;Ostuni Soundtrack Festival 2020 proporr\u00e0 brani celebri di Ennio Morricone, Nicola Piovani, Henry Mancini, Luis Bacalov, John Williams e un omaggio a Nino Rota nel centenario felliniano. A breve info per prenotazione dei posti.<\/p>\n<p>&nbsp;<\/p>\n<p>Comune di Ostuni &#8211; Ufficio stampa<\/p>\n","protected":false},"excerpt":{"rendered":"<p>Le difficolt\u00e0 legate all\u2019emergenza coronavirus non fermano la prima edizione del Soundtrack Festival che si svolger\u00e0 presso l\u2019Arena Bianca di Ostuni (Foro Boario) dal 18 al 27 agosto. L\u2019Osf \u00e8 stato presentato nella mattinata di oggi presso il Chiostro di Palazzo San Francesco alla presenza del Sindaco, Guglielmo Cavallo, del direttore artistico del Festival, Mirko Lodedo, del consigliere del Teatro Pubblico Pugliese, Maddalena Tulanti e del presidente di Bass Culture, Vincenzo Bellini. \u201cNonostante le difficolt\u00e0 create dalla pandemia \u2013 spiega il Sindaco e Assessore alla Cultura e al Turismo Guglielmo Cavallo \u2013 abbiamo allestito un calendario estivo di tutto rispetto e tenevamo a realizzare anche questa prima edizione del Festival che vogliamo caratterizzi la nostra citt\u00e0 in futuro. Un lavoro di un anno che \u00e8 stato adattato alle esigenze e all\u2019emergenza. Un cartellone di grande qualit\u00e0 il cui filo conduttore sono le colonne sonore. Siamo partiti dal logo scelto dopo un concorso di idee e siamo riusciti a mettere insieme una serie di concerti di artisti che con grande entusiasmo&#8230;<\/p>\n","protected":false},"author":2,"featured_media":175010,"comment_status":"open","ping_status":"closed","sticky":false,"template":"","format":"standard","meta":{"footnotes":""},"categories":[7],"tags":[],"class_list":["post-175003","post","type-post","status-publish","format-standard","has-post-thumbnail","hentry","category-news"],"_links":{"self":[{"href":"https:\/\/www.brundisium.net\/index.php\/wp-json\/wp\/v2\/posts\/175003","targetHints":{"allow":["GET"]}}],"collection":[{"href":"https:\/\/www.brundisium.net\/index.php\/wp-json\/wp\/v2\/posts"}],"about":[{"href":"https:\/\/www.brundisium.net\/index.php\/wp-json\/wp\/v2\/types\/post"}],"author":[{"embeddable":true,"href":"https:\/\/www.brundisium.net\/index.php\/wp-json\/wp\/v2\/users\/2"}],"replies":[{"embeddable":true,"href":"https:\/\/www.brundisium.net\/index.php\/wp-json\/wp\/v2\/comments?post=175003"}],"version-history":[{"count":1,"href":"https:\/\/www.brundisium.net\/index.php\/wp-json\/wp\/v2\/posts\/175003\/revisions"}],"predecessor-version":[{"id":175011,"href":"https:\/\/www.brundisium.net\/index.php\/wp-json\/wp\/v2\/posts\/175003\/revisions\/175011"}],"wp:featuredmedia":[{"embeddable":true,"href":"https:\/\/www.brundisium.net\/index.php\/wp-json\/wp\/v2\/media\/175010"}],"wp:attachment":[{"href":"https:\/\/www.brundisium.net\/index.php\/wp-json\/wp\/v2\/media?parent=175003"}],"wp:term":[{"taxonomy":"category","embeddable":true,"href":"https:\/\/www.brundisium.net\/index.php\/wp-json\/wp\/v2\/categories?post=175003"},{"taxonomy":"post_tag","embeddable":true,"href":"https:\/\/www.brundisium.net\/index.php\/wp-json\/wp\/v2\/tags?post=175003"}],"curies":[{"name":"wp","href":"https:\/\/api.w.org\/{rel}","templated":true}]}}