{"id":175078,"date":"2020-07-25T10:59:15","date_gmt":"2020-07-25T08:59:15","guid":{"rendered":"http:\/\/www.brundisium.net\/?p=175078"},"modified":"2020-07-25T10:59:15","modified_gmt":"2020-07-25T08:59:15","slug":"fuga-da-restinco-le-reazioni-del-centrodestra","status":"publish","type":"post","link":"https:\/\/www.brundisium.net\/index.php\/fuga-da-restinco-le-reazioni-del-centrodestra\/","title":{"rendered":"Fuga da Restinco: le reazioni del centrodestra"},"content":{"rendered":"<p>Di seguito la dichiarazione del candidato presidente del centrodestra per la Puglia, Raffaele Fitto<\/p>\n<p>\u201cQuello che avevamo denunciato si \u00e8 puntualmente verificato: una ventina di tunisini sono tuttora ricercati dopo la fuga di questa mattina di oltre 30 fuggitivi dal Cara di Restinco a Brindisi, fra loro anche un positivo al Covid. Il rischio che accadesse era sotto gli occhi di tutti, una bomba sociale e sanitaria che doveva e poteva essere contenuta con misure che evidentemente il Governo non ha saputo mettere in atto.<\/p>\n<p>\u201cIl rischio di mettere a repentaglio la salute dei pugliesi in un momento, per altro, delicatissimo, quale quello della ripresa del turismo, \u00e8 altissimo.<\/p>\n<p>\u201cNei giorni scorsi il ministro Speranza invitava a un maggior rispetto delle norme di sicurezza anti-Covid, alle quali noi tutti ci stiamo sottoponendo con scrupolo, nell\u2019interesse della salute di tutti. Ma come si concilia tutto questo con quanto sta accadendo in Puglia?\u201d<\/p>\n<p>&nbsp;<\/p>\n<p>\u201cQualcuno dovr\u00e0 pagare per quello che \u00e8 successo nel centro Pre Covid di Brindisi: la fuga dei tunisini di stanotte \u00e8 un fatto di inaudita gravit\u00e0. Come parlamentari pugliesi di Forza Italia abbiamo gi\u00e0 contattato il ministro dell\u2019Interno per chiedere un intervento forte del governo e soprattutto un rapido accertamento delle responsabilit\u00e0. Purtroppo, sullo sfondo gi\u00e0 emerge l\u2019inopportunit\u00e0 (o meglio, la scelleratezza) della scelta politica, portata avanti dal premier Conte e dal presidente Emiliano, di trasformare il Cara di Restinco in un centro Pre Covid. Adesso, aspettiamo una risposta ferma dello Stato a tutela della sicurezza dei cittadini pugliesi e della legalit\u00e0\u201d. Cos\u00ec il commissario regionale Forza Italia, l\u2019on Mauro D\u2019Attis, e di tutti i parlamentari pugliesi di Fi.<\/p>\n<p>&nbsp;<\/p>\n<p>&nbsp;<\/p>\n<p>Zizza: &#8220;Continua l\u2019emergenza a Restinco ma nessuno si preoccupa realmente di quello che accade a Brindisi. E\u2019 di questa mattina la notizia della fuga dal Cara- Cpt di 20 tunisini, ospiti del centro di quarantena per i migranti che raggiungono le coste italiane, trasferiti da Lampedusa nella struttura brindisina trasformata dal Governo in centro pre- Covid. Una situazione che inevitabilmente desta preoccupazione in un momento in cui ai cittadini italiani viene chiesto di non abbassare la guardia in termini di prevenzione, di continuare a seguire le regole basilari per evitare la diffusione del contagio da Covid 19.<br \/>\nDa un lato, infatti, tutte le restrizioni in merito allo svolgimento di feste patronali ed iniziative pubbliche, attivit\u00e0 di intrattenimento nelle discoteche, regole ferree per esercenti, ristoratori e stabilimenti balneari e dall\u2019altro situazioni incontrollate che, come mine vaganti, rischiano di mandare in fumo tutti i tentativi di ripresa.<br \/>\nCome hanno fatto queste persone ad eludere la sorveglianza? E poi, a proposito di tutela della salute pubblica, Perch\u00e9 gli italiani devono fare i conti con situazioni che, se mal gestite, procurano rischi concreti per tutti? E\u2019 una situazione che denunciamo da tempo ormai!<br \/>\nQuanto accaduto nei giorni scorsi in Basilicata suggerisce di tenere alta la guardia, Brindisi non pu\u00f2 continuare ad essere terra di nessuno, chiediamo seriet\u00e0 da parte delle istituzioni e sicurezza per i cittadini. Il nostro Paese non pu\u00f2 pi\u00f9 permettersi drastiche chiusure che ne metterebbero definitivamente in ginocchio l\u2019economia, \u00e8 per questo che non possiamo pi\u00f9 permetterci di correre rischi di questo tipo, la misura \u00e8 colma&#8221;.<\/p>\n<p>&nbsp;<\/p>\n<p>I parlamentari della LEGA tornano a Restinco<\/p>\n<p>Luned\u00ec 27 luglio alle ore 15.30 una delegazione di parlamentari della Lega Salvini Puglia, composta dal Sen. Roberto Marti, Responsabile Politico dell\u2019Area Grande Salento, dagli On.li Annarita Tateo e Rossano Sasso, unitamente al sottoscritto e agli altri dirigenti provinciali del partito, si recher\u00e0 in visita al CARA di Restinco.<\/p>\n<p>La situazione di grave pericolo gi\u00e0 esternata nei giorni scorsi, che aveva portato ad un incontro con S.E. il Prefetto per rendere note le forti perplessit\u00e0 sulla scelta governativa di trasformare il Centro Accoglienza Richiedenti Asilo in Centro Pre-Covid e ad organizzare un sit-in di protesta in prossimit\u00e0 del Centro, si \u00e8 ulteriormente aggravata a seguito della fuga di 20 tunisini, ospiti della struttura ma in quarantena a causa della presenza di un migrante positivo al coronavirus.<\/p>\n<p>La delegazione della Lega accerter\u00e0 se le forze dell\u2019ordine impegnate al CARA di Restinco siano in numero adeguato per presidiare il Centro ed evitare ulteriori fughe di migranti; se abbiano tutti gli strumenti per garantire l\u2019ordine pubblico e siano state dotate di DPI ; se la struttura sia idonea dal punto di vista sanitario a garantire l\u2019isolamento degli ospiti per il periodo di quarantena ; se gli addetti ai lavori, incaricati della pulizia del Centro e della cura dei migranti, abbiano dispositivi di protezione individuale adeguati per proteggersi ed evitare il diffondersi del virus.<\/p>\n<p>Resta la profonda convinzione, tuttavia, che Restinco non possa essere utilizzato come Centro Pre-Covid e che il flusso dei migranti debba essere immediatamente fermato ; cos\u00ec come si \u00e8 fermamente convinti che ci sia la volont\u00e0 di prolungare lo stato di emergenza, utile per il permanere di misure che limitino la libert\u00e0 personale.<\/p>\n<p>La tutela della salute pubblica, la vicinanza alle forze dell&#8217;ordine e a tutti i lavoratori, lo stop all\u2019immigrazione clandestina, la tutela dei confini restano i punti fermi dell\u2019azione della Lega a difesa dei cittadini, che con fatica e quotidianamente lottano per riconquistare quella normalit\u00e0 strappata con violenza dal lockdown<\/p>\n<p>Di contro Emiliano e chi professa la falsa politica dell\u2019 integrazione ed accoglienza, restano muti, senza proferire verbo a tutela di Brindisi, della provincia e dell\u2019intera Puglia, apparendo peraltro anche orbi, poich\u00e9 non vedono o fingono per mera convenienza di non vedere, i rischi ai quali tutti noi, nessuno escluso, siamo seriamente esposti.<\/p>\n<p>&nbsp;<\/p>\n","protected":false},"excerpt":{"rendered":"<p>Di seguito la dichiarazione del candidato presidente del centrodestra per la Puglia, Raffaele Fitto \u201cQuello che avevamo denunciato si \u00e8 puntualmente verificato: una ventina di tunisini sono tuttora ricercati dopo la fuga di questa mattina di oltre 30 fuggitivi dal Cara di Restinco a Brindisi, fra loro anche un positivo al Covid. Il rischio che accadesse era sotto gli occhi di tutti, una bomba sociale e sanitaria che doveva e poteva essere contenuta con misure che evidentemente il Governo non ha saputo mettere in atto. \u201cIl rischio di mettere a repentaglio la salute dei pugliesi in un momento, per altro, delicatissimo, quale quello della ripresa del turismo, \u00e8 altissimo. \u201cNei giorni scorsi il ministro Speranza invitava a un maggior rispetto delle norme di sicurezza anti-Covid, alle quali noi tutti ci stiamo sottoponendo con scrupolo, nell\u2019interesse della salute di tutti. Ma come si concilia tutto questo con quanto sta accadendo in Puglia?\u201d &nbsp; \u201cQualcuno dovr\u00e0 pagare per quello che \u00e8 successo nel centro Pre Covid di Brindisi: la fuga dei tunisini&#8230;<\/p>\n","protected":false},"author":2,"featured_media":55267,"comment_status":"open","ping_status":"closed","sticky":false,"template":"","format":"standard","meta":{"footnotes":""},"categories":[7],"tags":[],"class_list":["post-175078","post","type-post","status-publish","format-standard","has-post-thumbnail","hentry","category-news"],"_links":{"self":[{"href":"https:\/\/www.brundisium.net\/index.php\/wp-json\/wp\/v2\/posts\/175078","targetHints":{"allow":["GET"]}}],"collection":[{"href":"https:\/\/www.brundisium.net\/index.php\/wp-json\/wp\/v2\/posts"}],"about":[{"href":"https:\/\/www.brundisium.net\/index.php\/wp-json\/wp\/v2\/types\/post"}],"author":[{"embeddable":true,"href":"https:\/\/www.brundisium.net\/index.php\/wp-json\/wp\/v2\/users\/2"}],"replies":[{"embeddable":true,"href":"https:\/\/www.brundisium.net\/index.php\/wp-json\/wp\/v2\/comments?post=175078"}],"version-history":[{"count":1,"href":"https:\/\/www.brundisium.net\/index.php\/wp-json\/wp\/v2\/posts\/175078\/revisions"}],"predecessor-version":[{"id":175080,"href":"https:\/\/www.brundisium.net\/index.php\/wp-json\/wp\/v2\/posts\/175078\/revisions\/175080"}],"wp:featuredmedia":[{"embeddable":true,"href":"https:\/\/www.brundisium.net\/index.php\/wp-json\/wp\/v2\/media\/55267"}],"wp:attachment":[{"href":"https:\/\/www.brundisium.net\/index.php\/wp-json\/wp\/v2\/media?parent=175078"}],"wp:term":[{"taxonomy":"category","embeddable":true,"href":"https:\/\/www.brundisium.net\/index.php\/wp-json\/wp\/v2\/categories?post=175078"},{"taxonomy":"post_tag","embeddable":true,"href":"https:\/\/www.brundisium.net\/index.php\/wp-json\/wp\/v2\/tags?post=175078"}],"curies":[{"name":"wp","href":"https:\/\/api.w.org\/{rel}","templated":true}]}}