{"id":175131,"date":"2020-07-26T13:34:05","date_gmt":"2020-07-26T11:34:05","guid":{"rendered":"http:\/\/www.brundisium.net\/?p=175131"},"modified":"2020-07-26T13:34:05","modified_gmt":"2020-07-26T11:34:05","slug":"oggi-si-presenta-il-libro-servo-del-vangelo-pastore-della-chiesa-dedicato-ai-cinquantanni-di-episcopato-di-mons-settimio-todisco","status":"publish","type":"post","link":"https:\/\/www.brundisium.net\/index.php\/oggi-si-presenta-il-libro-servo-del-vangelo-pastore-della-chiesa-dedicato-ai-cinquantanni-di-episcopato-di-mons-settimio-todisco\/","title":{"rendered":"Oggi si presenta il libro &#8220;Servo del Vangelo-Pastore della Chiesa&#8221; dedicato ai cinquant&#8217;anni di episcopato di mons. Settimio Todisco"},"content":{"rendered":"<div id=\"Signature\">\n<div>\n<div>\n<div><\/div>\n<\/div>\n<\/div>\n<\/div>\n<div>\n<div>\n<div id=\"divtagdefaultwrapper\" dir=\"ltr\">\n<div>\n<div id=\"divRplyFwdMsg\" dir=\"ltr\">\n<div>Viene presentato domenica 26 luglio alle 20.30, nel Chiostro del Comune di Ostuni, il libro &#8220;Servo del Vangelo-Pastore della Chiesa&#8221; dedicato ai cinquant&#8217;anni di episcopato di mons. Settimio Todisco, Arcivescovo emerito di Brindisi-Ostuni, per tutti &#8220;Don Settimio&#8221;. Coloro che interverranno si uniranno in comunione spirituale con il presule che, a causa della veneranda et\u00e0 (96 anni) non potr\u00e0 essere fisicamente presente.<\/div>\n<div><\/div>\n<\/div>\n<div>\n<div id=\"divtagdefaultwrapper\" dir=\"ltr\">\n<p>Il libro che descrive la sua storia umana e sociale \u00e8 stato curato dal prof. Don Luca De Feo, e pubblicato dalle edizioni &#8220;Lo Scudo&#8221;, il mensile cattolico d&#8217;informazione di Ostuni, che ha seguito per decenni le attivit\u00e0 di Don Settimio e al quale lui ha riservato sempre particolare attenzione. Il volume si apre con una introduzione del vicario foraneo Don Giovanni Apollinare, e riporta anche il messaggio che il Santo Padre Francesco ha rivolto al &#8220;Venerabile fratello&#8221; mons.Todisco.<\/p>\n<p>&nbsp;<\/p>\n<p>L&#8217;incontro sar\u00e0 introdotto dal saluto del Sindaco Guglielmo Cavallo, con l&#8217;intervento di Mons. Felice Di Molfetta, Arcivescovo emerito di Cerignola-Ascoli Satriano, di Don Luca De Feo, poi di Mons. Angelo Ciccarese, docente emerito di Teologia Pastorale presso l&#8217;Istituto di Scienze religiose di Brindisi. Le conclusioni sono affidate al Vicario generale dell&#8217;Arcidiocesi di Brindisi, Mons. Fabio Ciollaro. Modera il direttore di &#8220;Parola e storia&#8221;, Angelo Sconosciuto.<\/p>\n<div>\n<div id=\"divRplyFwdMsg\" dir=\"ltr\">\n<div><\/div>\n<div>\u00a0Nella prima stazione del 4 marzo 2020 \u2013 unica per l\u2019emergenza della pandemia \u2013 la pagina biblica, scelta fra i testi di approfondimento proposti a livello diocesano, \u00e8 stata Gv 20,19-31 (l&#8217;incredulit\u00e0 di Tommaso e l&#8217;invio degli apostoli nel mondo)\u00a0ma si voleva anche rendere grazie al Signore per il 50\u00b0 anniversario di episcopato di mons. Settimio Todisco, figlio della Chiesa locale, chiamato a guidarla come vescovo dal luglio 1975 all\u2019aprile 2000, dopo essere stato Vescovo di Molfetta dal 1970. La lectio della pagina evangelica \u00e8 stata affidata al prof. Luca De Feo, che l\u2019aveva curata per il sussidio pastorale diocesano (ARCIDIOCESI DI BRINDISI-OSTUNI, La Chiesa grembo dello Spirito che genera alla vita i figli, LCLAB, Brindisi, 2019). Nella Stazione Quaresimale il prof. De Feo ha ripreso tale lettura mettendola in dialogo con scritti di mons. Todisco che aiutassero a comprenderla nell\u2019oggi della Chiesa.<\/div>\n<div>La sua riflessione viene offerta in questa pubblicazione unita ad una breve biografia di mons. Todisco e alla rilettura che lo stesso arcivescovo faceva della propria esperienza pastorale in un discorso ai sacerdoti in occasione del 25\u00b0 di episcopato e in un intervista concessa ad Angelo Sconosciuto in occasione del 50\u00b0 di sacerdozio.<\/div>\n<\/div>\n<div>\n<div id=\"divtagdefaultwrapper\" dir=\"ltr\">\n<p>&nbsp;<\/p>\n<p>La presentazione sar\u00e0 una bella occasione di incontro per ripercorrere un lungo arco di tempo: come Mons. Todisco scrisse: &#8220;Il tempo, per un cristiano, non \u00e8 solo un succedersi di eventi, ma una storia di salvezza in cui occorre varcare la soglia della speranza&#8221;.<\/p>\n<\/div>\n<\/div>\n<\/div>\n<\/div>\n<\/div>\n<\/div>\n<\/div>\n<\/div>\n<\/div>\n","protected":false},"excerpt":{"rendered":"<p>Viene presentato domenica 26 luglio alle 20.30, nel Chiostro del Comune di Ostuni, il libro &#8220;Servo del Vangelo-Pastore della Chiesa&#8221; dedicato ai cinquant&#8217;anni di episcopato di mons. Settimio Todisco, Arcivescovo emerito di Brindisi-Ostuni, per tutti &#8220;Don Settimio&#8221;. Coloro che interverranno si uniranno in comunione spirituale con il presule che, a causa della veneranda et\u00e0 (96 anni) non potr\u00e0 essere fisicamente presente. Il libro che descrive la sua storia umana e sociale \u00e8 stato curato dal prof. Don Luca De Feo, e pubblicato dalle edizioni &#8220;Lo Scudo&#8221;, il mensile cattolico d&#8217;informazione di Ostuni, che ha seguito per decenni le attivit\u00e0 di Don Settimio e al quale lui ha riservato sempre particolare attenzione. Il volume si apre con una introduzione del vicario foraneo Don Giovanni Apollinare, e riporta anche il messaggio che il Santo Padre Francesco ha rivolto al &#8220;Venerabile fratello&#8221; mons.Todisco. &nbsp; L&#8217;incontro sar\u00e0 introdotto dal saluto del Sindaco Guglielmo Cavallo, con l&#8217;intervento di Mons. Felice Di Molfetta, Arcivescovo emerito di Cerignola-Ascoli Satriano, di Don Luca De Feo, poi di Mons&#8230;.<\/p>\n","protected":false},"author":2,"featured_media":175132,"comment_status":"open","ping_status":"closed","sticky":false,"template":"","format":"standard","meta":{"footnotes":""},"categories":[7],"tags":[],"class_list":["post-175131","post","type-post","status-publish","format-standard","has-post-thumbnail","hentry","category-news"],"_links":{"self":[{"href":"https:\/\/www.brundisium.net\/index.php\/wp-json\/wp\/v2\/posts\/175131","targetHints":{"allow":["GET"]}}],"collection":[{"href":"https:\/\/www.brundisium.net\/index.php\/wp-json\/wp\/v2\/posts"}],"about":[{"href":"https:\/\/www.brundisium.net\/index.php\/wp-json\/wp\/v2\/types\/post"}],"author":[{"embeddable":true,"href":"https:\/\/www.brundisium.net\/index.php\/wp-json\/wp\/v2\/users\/2"}],"replies":[{"embeddable":true,"href":"https:\/\/www.brundisium.net\/index.php\/wp-json\/wp\/v2\/comments?post=175131"}],"version-history":[{"count":1,"href":"https:\/\/www.brundisium.net\/index.php\/wp-json\/wp\/v2\/posts\/175131\/revisions"}],"predecessor-version":[{"id":175133,"href":"https:\/\/www.brundisium.net\/index.php\/wp-json\/wp\/v2\/posts\/175131\/revisions\/175133"}],"wp:featuredmedia":[{"embeddable":true,"href":"https:\/\/www.brundisium.net\/index.php\/wp-json\/wp\/v2\/media\/175132"}],"wp:attachment":[{"href":"https:\/\/www.brundisium.net\/index.php\/wp-json\/wp\/v2\/media?parent=175131"}],"wp:term":[{"taxonomy":"category","embeddable":true,"href":"https:\/\/www.brundisium.net\/index.php\/wp-json\/wp\/v2\/categories?post=175131"},{"taxonomy":"post_tag","embeddable":true,"href":"https:\/\/www.brundisium.net\/index.php\/wp-json\/wp\/v2\/tags?post=175131"}],"curies":[{"name":"wp","href":"https:\/\/api.w.org\/{rel}","templated":true}]}}