{"id":175159,"date":"2020-07-27T15:40:15","date_gmt":"2020-07-27T13:40:15","guid":{"rendered":"http:\/\/www.brundisium.net\/?p=175159"},"modified":"2020-07-27T15:40:15","modified_gmt":"2020-07-27T13:40:15","slug":"antonino-pri-le-scuole-devono-riaprire-in-sicurezza","status":"publish","type":"post","link":"https:\/\/www.brundisium.net\/index.php\/antonino-pri-le-scuole-devono-riaprire-in-sicurezza\/","title":{"rendered":"Antonino (Pri): &#8220;le scuole devono riaprire in sicurezza&#8221;"},"content":{"rendered":"<p>E&#8217; oramai certo che il 14 settembre riapriranno le scuole.<br \/>\nLa data di riapertura sar\u00e0 uguale sull&#8217;intero territorio nazionale per tutte le scuole dell\u2019infanzia, del primo ciclo e del secondo ciclo di istruzione appartenenti al sistema nazionale di istruzione, compresi i Centri provinciali per l\u2019istruzione degli adulti.<br \/>\nSaranno le Regioni ad adottare le determinazioni di propria competenza in materia di calendario scolastico, ferma restando la necessit\u00e0 di effettuare almeno duecento giorni di lezione, secondo quanto stabilito dalla normativa vigente.<br \/>\nResta confermato anche lo svolgimento, a decorrere dal 1\u00b0 settembre 2020, delle attivit\u00e0 di integrazione e recupero degli apprendimenti relativi all\u2019anno scolastico 2019\/2020.<br \/>\nI genitori interessati si pongono tanti interrogativi a cominciare dalla concreta disponibilit\u00e0 dei banchi anti-covid.<br \/>\nVi \u00e8 il rischio, infatti, che la gara indetta per la fornitura di 3 milioni di banchi monoposto indetta dal Commissario Domenico Arcuri vada deserta.<br \/>\nOccorre anche affrontare altre problematiche per organizzare al meglio le lezioni, con la possibilit\u00e0 di sdoppiare le classi e gestirsi in autonomia per evitare assembramenti.<br \/>\nLo sdoppiamento delle classi che \u00e8 stato ipotizzato si pu\u00f2 fare solo aumentando l\u2019organico, compreso i collaboratori scolastici, per evitare assembramenti in ingresso ed uscita da scuola e garantire una maggiore pulizia degli edifici scolastici.<br \/>\nCon la nuova organizzazione del tempo scuola, suggerita dalle linee guida, il tempo pieno alla primaria rischia di saltare.<br \/>\nAffinch\u00e9 siano affrontate per tempo tutte queste problematiche ho inviato questa mattina al Sindaco una interrogazione consiliare con richiesta di risposta scritta per chiede quale misure intende mettere in atto l&#8217;Amministrazione Comunale per far fronte all&#8217;emergenza e se non ritiene necessaria l&#8217;individuazione di una task force che provveda a monitorare tutte le scuole della citt\u00e0 per verificare la possibilit\u00e0 concreta di riavviare le attivit\u00e0 scolastiche in assoluta sicurezza.<br \/>\nAncora, se non ritiene necessario individuare da subito soluzioni alternative ove il normale svolgimento delle attivit\u00e0 si rivelasse impossibile per problemi strutturali degli edifici scolastici, anche prevedendo l&#8217;utilizzo di edifici e luoghi diversi quali il teatro Verdi, le sale cinematografiche di propriet\u00e0 dei privati, gli spazi esistenti all&#8217;interno di Palazzo Nervegna.<\/p>\n<p>&nbsp;<\/p>\n<p>Il Capogruppo PRI<br \/>\n(Gabriele ANTONINO)<\/p>\n","protected":false},"excerpt":{"rendered":"<p>E&#8217; oramai certo che il 14 settembre riapriranno le scuole. La data di riapertura sar\u00e0 uguale sull&#8217;intero territorio nazionale per tutte le scuole dell\u2019infanzia, del primo ciclo e del secondo ciclo di istruzione appartenenti al sistema nazionale di istruzione, compresi i Centri provinciali per l\u2019istruzione degli adulti. Saranno le Regioni ad adottare le determinazioni di propria competenza in materia di calendario scolastico, ferma restando la necessit\u00e0 di effettuare almeno duecento giorni di lezione, secondo quanto stabilito dalla normativa vigente. Resta confermato anche lo svolgimento, a decorrere dal 1\u00b0 settembre 2020, delle attivit\u00e0 di integrazione e recupero degli apprendimenti relativi all\u2019anno scolastico 2019\/2020. I genitori interessati si pongono tanti interrogativi a cominciare dalla concreta disponibilit\u00e0 dei banchi anti-covid. Vi \u00e8 il rischio, infatti, che la gara indetta per la fornitura di 3 milioni di banchi monoposto indetta dal Commissario Domenico Arcuri vada deserta. Occorre anche affrontare altre problematiche per organizzare al meglio le lezioni, con la possibilit\u00e0 di sdoppiare le classi e gestirsi in autonomia per evitare assembramenti. Lo sdoppiamento delle&#8230;<\/p>\n","protected":false},"author":2,"featured_media":128990,"comment_status":"open","ping_status":"closed","sticky":false,"template":"","format":"standard","meta":{"footnotes":""},"categories":[7],"tags":[],"class_list":["post-175159","post","type-post","status-publish","format-standard","has-post-thumbnail","hentry","category-news"],"_links":{"self":[{"href":"https:\/\/www.brundisium.net\/index.php\/wp-json\/wp\/v2\/posts\/175159","targetHints":{"allow":["GET"]}}],"collection":[{"href":"https:\/\/www.brundisium.net\/index.php\/wp-json\/wp\/v2\/posts"}],"about":[{"href":"https:\/\/www.brundisium.net\/index.php\/wp-json\/wp\/v2\/types\/post"}],"author":[{"embeddable":true,"href":"https:\/\/www.brundisium.net\/index.php\/wp-json\/wp\/v2\/users\/2"}],"replies":[{"embeddable":true,"href":"https:\/\/www.brundisium.net\/index.php\/wp-json\/wp\/v2\/comments?post=175159"}],"version-history":[{"count":1,"href":"https:\/\/www.brundisium.net\/index.php\/wp-json\/wp\/v2\/posts\/175159\/revisions"}],"predecessor-version":[{"id":175160,"href":"https:\/\/www.brundisium.net\/index.php\/wp-json\/wp\/v2\/posts\/175159\/revisions\/175160"}],"wp:featuredmedia":[{"embeddable":true,"href":"https:\/\/www.brundisium.net\/index.php\/wp-json\/wp\/v2\/media\/128990"}],"wp:attachment":[{"href":"https:\/\/www.brundisium.net\/index.php\/wp-json\/wp\/v2\/media?parent=175159"}],"wp:term":[{"taxonomy":"category","embeddable":true,"href":"https:\/\/www.brundisium.net\/index.php\/wp-json\/wp\/v2\/categories?post=175159"},{"taxonomy":"post_tag","embeddable":true,"href":"https:\/\/www.brundisium.net\/index.php\/wp-json\/wp\/v2\/tags?post=175159"}],"curies":[{"name":"wp","href":"https:\/\/api.w.org\/{rel}","templated":true}]}}