{"id":175163,"date":"2020-07-27T19:02:23","date_gmt":"2020-07-27T17:02:23","guid":{"rendered":"http:\/\/www.brundisium.net\/?p=175163"},"modified":"2020-07-27T19:02:23","modified_gmt":"2020-07-27T17:02:23","slug":"il-comitato-contrada-giambattista-schiavone-loda-lemendamento-di-amati-sugli-allacci-al-servizio-idrico-integrato-in-aree-di-recupero","status":"publish","type":"post","link":"https:\/\/www.brundisium.net\/index.php\/il-comitato-contrada-giambattista-schiavone-loda-lemendamento-di-amati-sugli-allacci-al-servizio-idrico-integrato-in-aree-di-recupero\/","title":{"rendered":"Il Comitato Contrada Giambattista Schiavone loda l&#8217;emendamento di Amati sugli allacci al servizio idrico integrato in aree di recupero&#8221;"},"content":{"rendered":"<p>Con riferimento al particolare periodo pre-elettorale che ci porter\u00e0 a rinnovare il consiglio regionale e gli organi di governo della Regione Puglia, il comitato \u201cContrada Giambattista Schiavone\u201d, oggi esteso anche ai residenti di contrada Muscia, vorrebbe precisare alcune questioni fondamentali.<br \/>\nApprezziamo molto l\u2019interessamento dei diversi esponenti politici che si stanno interessando della contrada e lo sforzo che unitamente stiamo compiendo per cercare di risolvere alcune problematiche gi\u00e0 esposte in precedenti comunicati.<br \/>\nIn un comitato che rappresenta ufficialmente circa centocinquanta famiglie tra membri ufficiali e non ufficiali (persone che per diversi motivi non sono attive ma ci seguono), \u00e8 normale che ci sia un confronto anche in termini di rappresentanza politica, ed \u00e8 normale che ognuno cerchi di trovare la sua personale proposta nel tentativo di superare gli ostacoli che si presentano.<br \/>\nIo stesso ho esposto in diverse fasi, i problemi della nostra contrada ad esponenti politici a vari livelli, tra cui oltre ad esponenti del nostro consiglio comunale, a persone di altre sfere tra cui il consigliere regionale Amati che tengo a precisare ha risposto ad una mail che gli inviai diverse settimane fa.<br \/>\nNon riteniamo sia un errore confrontarsi anche in maniera \u201caccesa\u201d con quanti vogliano sposare la nostra causa perch\u00e9 siamo convinti che con dialogo e soprattutto con il contributo di professionalit\u00e0 diverse, potremo ottenere importanti passi in avanti. Diffidiamo per\u00f2 a chiunque volesse approfondire, di rivolgersi a persone non autorizzate che non ricoprono nessun ruolo in seno al comitato, avendo noi redatto da subito uno statuto e provveduto all\u2019elezione di cariche e consiglio direttivo, gli unici organi delegati ufficialmente a rappresentarci.<br \/>\nVogliamo inoltre ribadire la nostra neutralit\u00e0 di comitato di cittadini spontaneo e la nostra \u201cNON APPARTENENZA POLITICA\u201d e respingiamo un coinvolgimento diretto nella futura tornata elettorale.<br \/>\nSiamo sempre stati dell\u2019idea che il buon senso e la nostra disponibilit\u00e0 avrebbero determinato il nostro percorso, lasciando ovviamente ad ogni singolo membro piena libert\u00e0 di scelta e di voto.<br \/>\nLa nostra imparzialit\u00e0 come gruppo sar\u00e0 la leva che ci permetter\u00e0 di tenere sempre vivo il dialogo con l\u2019amministrazione e i vari enti istituzionali indipendentemente da quale possa essere il nostro interlocutore.<br \/>\nCon questo ultimo passaggio ci teniamo a sottolineare la piena volont\u00e0 di collaborazione che tutta la commissione urbanistica di Brindisi ci ha manifestato, concedendoci il privilegio mai concesso prima a gruppi di cittadini, di essere ricevuti e diventare protagonisti attivi del processo di riqualificazione delle nostre contrade. Di questo ringraziamo il presidente e ogni membro sia di maggioranza che di minoranza, sottolineando l\u2019importanza che per noi questo processo riveste.<br \/>\nAbbiamo la volont\u00e0 di dialogare e costruire un percorso lecito, pulito, chiaro e trasparente nella convinzione che le soluzioni pi\u00f9 logiche saranno adottate, nonostante intorno alle contrade aleggi ancora il pregiudizio e il preconcetto legato alla modalit\u00e0 con cui sono sorte diverse decadi fa.<br \/>\nNonostante negli anni si siano create le condizioni di disagio che tutti conosciamo, siamo consapevoli che il cerchio si debba chiudere e in fretta, lo dobbiamo ai nostri figli e lo dobbiamo a noi stessi, esasperati e desiderosi di riacquistare quella serenit\u00e0 e quella considerazione che negli anni \u00e8 mancata.<br \/>\nAntimo Tateo, presidente<br \/>\nDott. Valerio Stano, vicepresidente<br \/>\nAntonio Bissante, consigliere<br \/>\nAngela Altavilla, consigliere<br \/>\nMaria Altavilla, consigliere<br \/>\nLuigi Tardio, consigliere<br \/>\nLuigi Stampacchia, consigliere<br \/>\nLucia Greco, consigliere<br \/>\nRocco Boccadamo, consigliere<br \/>\nGrazia Catanzaro, consigliere<\/p>\n","protected":false},"excerpt":{"rendered":"<p>Con riferimento al particolare periodo pre-elettorale che ci porter\u00e0 a rinnovare il consiglio regionale e gli organi di governo della Regione Puglia, il comitato \u201cContrada Giambattista Schiavone\u201d, oggi esteso anche ai residenti di contrada Muscia, vorrebbe precisare alcune questioni fondamentali. Apprezziamo molto l\u2019interessamento dei diversi esponenti politici che si stanno interessando della contrada e lo sforzo che unitamente stiamo compiendo per cercare di risolvere alcune problematiche gi\u00e0 esposte in precedenti comunicati. In un comitato che rappresenta ufficialmente circa centocinquanta famiglie tra membri ufficiali e non ufficiali (persone che per diversi motivi non sono attive ma ci seguono), \u00e8 normale che ci sia un confronto anche in termini di rappresentanza politica, ed \u00e8 normale che ognuno cerchi di trovare la sua personale proposta nel tentativo di superare gli ostacoli che si presentano. Io stesso ho esposto in diverse fasi, i problemi della nostra contrada ad esponenti politici a vari livelli, tra cui oltre ad esponenti del nostro consiglio comunale, a persone di altre sfere tra cui il consigliere regionale Amati che&#8230;<\/p>\n","protected":false},"author":2,"featured_media":124150,"comment_status":"open","ping_status":"closed","sticky":false,"template":"","format":"standard","meta":{"footnotes":""},"categories":[7],"tags":[],"class_list":["post-175163","post","type-post","status-publish","format-standard","has-post-thumbnail","hentry","category-news"],"_links":{"self":[{"href":"https:\/\/www.brundisium.net\/index.php\/wp-json\/wp\/v2\/posts\/175163","targetHints":{"allow":["GET"]}}],"collection":[{"href":"https:\/\/www.brundisium.net\/index.php\/wp-json\/wp\/v2\/posts"}],"about":[{"href":"https:\/\/www.brundisium.net\/index.php\/wp-json\/wp\/v2\/types\/post"}],"author":[{"embeddable":true,"href":"https:\/\/www.brundisium.net\/index.php\/wp-json\/wp\/v2\/users\/2"}],"replies":[{"embeddable":true,"href":"https:\/\/www.brundisium.net\/index.php\/wp-json\/wp\/v2\/comments?post=175163"}],"version-history":[{"count":1,"href":"https:\/\/www.brundisium.net\/index.php\/wp-json\/wp\/v2\/posts\/175163\/revisions"}],"predecessor-version":[{"id":175164,"href":"https:\/\/www.brundisium.net\/index.php\/wp-json\/wp\/v2\/posts\/175163\/revisions\/175164"}],"wp:featuredmedia":[{"embeddable":true,"href":"https:\/\/www.brundisium.net\/index.php\/wp-json\/wp\/v2\/media\/124150"}],"wp:attachment":[{"href":"https:\/\/www.brundisium.net\/index.php\/wp-json\/wp\/v2\/media?parent=175163"}],"wp:term":[{"taxonomy":"category","embeddable":true,"href":"https:\/\/www.brundisium.net\/index.php\/wp-json\/wp\/v2\/categories?post=175163"},{"taxonomy":"post_tag","embeddable":true,"href":"https:\/\/www.brundisium.net\/index.php\/wp-json\/wp\/v2\/tags?post=175163"}],"curies":[{"name":"wp","href":"https:\/\/api.w.org\/{rel}","templated":true}]}}