{"id":175257,"date":"2020-07-30T20:00:56","date_gmt":"2020-07-30T18:00:56","guid":{"rendered":"http:\/\/www.brundisium.net\/?p=175257"},"modified":"2020-07-30T20:00:56","modified_gmt":"2020-07-30T18:00:56","slug":"parita-di-genere-calabrese-cpo-brindisi-vergogna-vergogna-vergogna","status":"publish","type":"post","link":"https:\/\/www.brundisium.net\/index.php\/parita-di-genere-calabrese-cpo-brindisi-vergogna-vergogna-vergogna\/","title":{"rendered":"Parit\u00e0 di genere, Calabrese (CPO Brindisi): &#8220;Vergogna. Vergogna. Vergogna&#8221;"},"content":{"rendered":"<p>Vergogna. Vergogna. Vergogna.<\/p>\n<p>Non ho altre parole. Ci\u00f2 che \u00e8 accaduto durante il consiglio regionale del 28 e 29 luglio 2020 \u00e8 tra le pagine pi\u00f9 brutte, se non la pi\u00f9 brutta scritta nella regione Puglia. Non mi sento di dire &#8220;nostra regione&#8221; o &#8220;nostra giunta\/ consiglio regionale&#8221; perch\u00e9 mi sento esclusa. Io, donna e cittadina, vedo negato il mio diritto di essere &#8220;candidata a norma di legge&#8221;, per quanto sancito dalla legge 20\/2016 che stabilisce le pari opportunit\u00e0 tra donne e uomini nell&#8217;accesso alle cariche elettive e non per assicurare il rispetto della \u201cquota rosa\u201d. Alle prossime elezioni regionali per quello che rappresento, per quello che sono, non potr\u00f2 portare il mio impegno ai tavoli di maggiore valenza perch\u00e9 si vede che la mia voce \u00e8 scomoda, perch\u00e9 sottolinea la pochezza, la stupidit\u00e0 e l&#8217;inettitudine di coloro che ancora oggi discriminano, ghettizzano e perch\u00e9 no\u2026 bullizzano. E dispiace, dispiace tanto constatare come purtroppo, ancora oggi, questo intento non sia chiaro ad alcune donne che si rendono cos\u00ec complici di questa resa dei conti in negativo per tutte noi. Non \u00e8 bastato l&#8217;intervento del premier Conte e non \u00e8 bastata la successiva diffida da parte del governo. Non posso credere che tutto ci\u00f2 stia accadendo.<\/p>\n<p>&nbsp;<\/p>\n<p>Vergogna. Vergogna. Vergogna.<\/p>\n<p>&nbsp;<\/p>\n<p>Anche io mi vergogno ma per voi che avete scelto di negare il diritto di tutte le donne e mi sento profondamente addolorata nel constatare ancora una volta le spaccature, i &#8220;no&#8221; senza valide alternative, e l&#8217;assenza di una visione pi\u00f9 ampia che porta a comprendere che in questo modo si fa il gioco di quelli che fanno mancare il numero legale, di quelli che presentano 2000 emendamenti ma ti hanno detto &#8220;sono con voi&#8221;, di quelli che &#8220;\u00e8 meglio che restate a casa&#8221;, di quelli &#8220;perch\u00e9 non sorridi un po&#8217; di pi\u00f9 e ti rilassi?&#8221;. Perch\u00e9 questo accade. Pochi sono ancora gli uomini che in maniera convinta e fattiva discutono e si battono ai tavoli nazionali per le donne ma dalle donne ci aspettiamo altro. Auspico un atteggiamento culturalmente rivoluzionario che avr\u00e0 come unico obiettivo l&#8217;affermazione dei nostri diritti negati e vada oltre gli stereotipi di destra e sinistra che mirano soltanto ad una mera frantumazione finalizzata all\u2019indebolimento di tutte le donne.<\/p>\n<p>&nbsp;<\/p>\n<p><em><strong>Anna Maria Calabrese \u2013 Presidente Commissione Pari Opportunit\u00e0 &#8211; Brindisi<\/strong><\/em><\/p>\n","protected":false},"excerpt":{"rendered":"<p>Vergogna. Vergogna. Vergogna. Non ho altre parole. Ci\u00f2 che \u00e8 accaduto durante il consiglio regionale del 28 e 29 luglio 2020 \u00e8 tra le pagine pi\u00f9 brutte, se non la pi\u00f9 brutta scritta nella regione Puglia. Non mi sento di dire &#8220;nostra regione&#8221; o &#8220;nostra giunta\/ consiglio regionale&#8221; perch\u00e9 mi sento esclusa. Io, donna e cittadina, vedo negato il mio diritto di essere &#8220;candidata a norma di legge&#8221;, per quanto sancito dalla legge 20\/2016 che stabilisce le pari opportunit\u00e0 tra donne e uomini nell&#8217;accesso alle cariche elettive e non per assicurare il rispetto della \u201cquota rosa\u201d. Alle prossime elezioni regionali per quello che rappresento, per quello che sono, non potr\u00f2 portare il mio impegno ai tavoli di maggiore valenza perch\u00e9 si vede che la mia voce \u00e8 scomoda, perch\u00e9 sottolinea la pochezza, la stupidit\u00e0 e l&#8217;inettitudine di coloro che ancora oggi discriminano, ghettizzano e perch\u00e9 no\u2026 bullizzano. E dispiace, dispiace tanto constatare come purtroppo, ancora oggi, questo intento non sia chiaro ad alcune donne che si rendono cos\u00ec complici di&#8230;<\/p>\n","protected":false},"author":2,"featured_media":175258,"comment_status":"open","ping_status":"closed","sticky":false,"template":"","format":"standard","meta":{"footnotes":""},"categories":[7],"tags":[],"class_list":["post-175257","post","type-post","status-publish","format-standard","has-post-thumbnail","hentry","category-news"],"_links":{"self":[{"href":"https:\/\/www.brundisium.net\/index.php\/wp-json\/wp\/v2\/posts\/175257","targetHints":{"allow":["GET"]}}],"collection":[{"href":"https:\/\/www.brundisium.net\/index.php\/wp-json\/wp\/v2\/posts"}],"about":[{"href":"https:\/\/www.brundisium.net\/index.php\/wp-json\/wp\/v2\/types\/post"}],"author":[{"embeddable":true,"href":"https:\/\/www.brundisium.net\/index.php\/wp-json\/wp\/v2\/users\/2"}],"replies":[{"embeddable":true,"href":"https:\/\/www.brundisium.net\/index.php\/wp-json\/wp\/v2\/comments?post=175257"}],"version-history":[{"count":1,"href":"https:\/\/www.brundisium.net\/index.php\/wp-json\/wp\/v2\/posts\/175257\/revisions"}],"predecessor-version":[{"id":175259,"href":"https:\/\/www.brundisium.net\/index.php\/wp-json\/wp\/v2\/posts\/175257\/revisions\/175259"}],"wp:featuredmedia":[{"embeddable":true,"href":"https:\/\/www.brundisium.net\/index.php\/wp-json\/wp\/v2\/media\/175258"}],"wp:attachment":[{"href":"https:\/\/www.brundisium.net\/index.php\/wp-json\/wp\/v2\/media?parent=175257"}],"wp:term":[{"taxonomy":"category","embeddable":true,"href":"https:\/\/www.brundisium.net\/index.php\/wp-json\/wp\/v2\/categories?post=175257"},{"taxonomy":"post_tag","embeddable":true,"href":"https:\/\/www.brundisium.net\/index.php\/wp-json\/wp\/v2\/tags?post=175257"}],"curies":[{"name":"wp","href":"https:\/\/api.w.org\/{rel}","templated":true}]}}