{"id":175263,"date":"2020-07-30T10:10:08","date_gmt":"2020-07-30T08:10:08","guid":{"rendered":"http:\/\/www.brundisium.net\/?p=175263"},"modified":"2020-07-30T20:13:46","modified_gmt":"2020-07-30T18:13:46","slug":"fratelli-ditalia-con-silvana-errico-per-ridare-dignita-a-san-vito","status":"publish","type":"post","link":"https:\/\/www.brundisium.net\/index.php\/fratelli-ditalia-con-silvana-errico-per-ridare-dignita-a-san-vito\/","title":{"rendered":"Fratelli d&#8217;Italia con Silvana Errico per ridare dignit\u00e0 a San Vito"},"content":{"rendered":"<p>\u201c\u00c8 tempo di riportare dignit\u00e0 alla nostra citt\u00e0, vittima di un radicale impoverimento socio-culturale perpetrato negli ultimi 5 anni da un\u2019amministrazione estranea e inadatta al contesto sociale. I Sanvitesi hanno vissuto sulla propria pelle le \u201cnon scelte\u201d determinate da una mediocrit\u00e0 politica che ha logorato il tessuto sociale. Siamo convinti che alla luce del nulla perpetrato, serva uno scatto d\u2019orgoglio ed \u00e8 per questo che Fratelli d&#8217;Italia ha deciso di sostenere il progetto elettorale rappresentato dall\u2019esperienza politica di Silvana Errico &#8211; lo rende noto il coordinatore cittadino di Fratelli d&#8217;Italia, avv. Giacomo Viva. Non possiamo permettere che il futuro della nostra citt\u00e0 sia consegnato nuovamente agli stessi artefici dell&#8217;attuale disastro, che nel tentativo di nascondere le proprie colpe, stanno inscenando movimenti civici guidati da soggetti estranei alla comunit\u00e0. San Vito ha bisogno di futuro e il futuro passa dalla consapevolezza dei propri concittadini. Scendiamo in campo con Silvana Errico per riappropriarci della nostra storia.<\/p>\n<p>&nbsp;<\/p>\n<p>Accogliamo favorevolmente l\u2019indicazione giunta dal coordinatore cittadino e da tutto il partito a livello locale per supportare la candidatura di Silvana Errico persona di grande esperienza amministrativa e innamorata della propria citt\u00e0 &#8211; lo dichiara la commissaria provinciale di Fratelli d&#8217;Italia, on. Ylenja Lucaselli. Quando la politica abdica all\u2019improvvisazione, si creano disastri incommensurabili, ed \u00e8 purtroppo ci\u00f2 che sta accadendo da anni a tutti i livelli. Sono convinta che i cittadini di San Vito dei Normanni sapranno riconoscere alla Errico l\u2019indiscussa competenza e capacit\u00e0 nonch\u00e9 la voglia e la determinazione quotidiana di poter migliorare la propria citt\u00e0.<\/p>\n","protected":false},"excerpt":{"rendered":"<p>\u201c\u00c8 tempo di riportare dignit\u00e0 alla nostra citt\u00e0, vittima di un radicale impoverimento socio-culturale perpetrato negli ultimi 5 anni da un\u2019amministrazione estranea e inadatta al contesto sociale. I Sanvitesi hanno vissuto sulla propria pelle le \u201cnon scelte\u201d determinate da una mediocrit\u00e0 politica che ha logorato il tessuto sociale. Siamo convinti che alla luce del nulla perpetrato, serva uno scatto d\u2019orgoglio ed \u00e8 per questo che Fratelli d&#8217;Italia ha deciso di sostenere il progetto elettorale rappresentato dall\u2019esperienza politica di Silvana Errico &#8211; lo rende noto il coordinatore cittadino di Fratelli d&#8217;Italia, avv. Giacomo Viva. Non possiamo permettere che il futuro della nostra citt\u00e0 sia consegnato nuovamente agli stessi artefici dell&#8217;attuale disastro, che nel tentativo di nascondere le proprie colpe, stanno inscenando movimenti civici guidati da soggetti estranei alla comunit\u00e0. San Vito ha bisogno di futuro e il futuro passa dalla consapevolezza dei propri concittadini. Scendiamo in campo con Silvana Errico per riappropriarci della nostra storia. &nbsp; Accogliamo favorevolmente l\u2019indicazione giunta dal coordinatore cittadino e da tutto il partito a livello locale&#8230;<\/p>\n","protected":false},"author":2,"featured_media":175264,"comment_status":"open","ping_status":"closed","sticky":false,"template":"","format":"standard","meta":{"footnotes":""},"categories":[7],"tags":[],"class_list":["post-175263","post","type-post","status-publish","format-standard","has-post-thumbnail","hentry","category-news"],"_links":{"self":[{"href":"https:\/\/www.brundisium.net\/index.php\/wp-json\/wp\/v2\/posts\/175263","targetHints":{"allow":["GET"]}}],"collection":[{"href":"https:\/\/www.brundisium.net\/index.php\/wp-json\/wp\/v2\/posts"}],"about":[{"href":"https:\/\/www.brundisium.net\/index.php\/wp-json\/wp\/v2\/types\/post"}],"author":[{"embeddable":true,"href":"https:\/\/www.brundisium.net\/index.php\/wp-json\/wp\/v2\/users\/2"}],"replies":[{"embeddable":true,"href":"https:\/\/www.brundisium.net\/index.php\/wp-json\/wp\/v2\/comments?post=175263"}],"version-history":[{"count":1,"href":"https:\/\/www.brundisium.net\/index.php\/wp-json\/wp\/v2\/posts\/175263\/revisions"}],"predecessor-version":[{"id":175265,"href":"https:\/\/www.brundisium.net\/index.php\/wp-json\/wp\/v2\/posts\/175263\/revisions\/175265"}],"wp:featuredmedia":[{"embeddable":true,"href":"https:\/\/www.brundisium.net\/index.php\/wp-json\/wp\/v2\/media\/175264"}],"wp:attachment":[{"href":"https:\/\/www.brundisium.net\/index.php\/wp-json\/wp\/v2\/media?parent=175263"}],"wp:term":[{"taxonomy":"category","embeddable":true,"href":"https:\/\/www.brundisium.net\/index.php\/wp-json\/wp\/v2\/categories?post=175263"},{"taxonomy":"post_tag","embeddable":true,"href":"https:\/\/www.brundisium.net\/index.php\/wp-json\/wp\/v2\/tags?post=175263"}],"curies":[{"name":"wp","href":"https:\/\/api.w.org\/{rel}","templated":true}]}}