{"id":175269,"date":"2020-07-29T20:18:52","date_gmt":"2020-07-29T18:18:52","guid":{"rendered":"http:\/\/www.brundisium.net\/?p=175269"},"modified":"2020-07-30T20:20:24","modified_gmt":"2020-07-30T18:20:24","slug":"comunali-san-vito-forza-italia-sostiene-silvana-errico","status":"publish","type":"post","link":"https:\/\/www.brundisium.net\/index.php\/comunali-san-vito-forza-italia-sostiene-silvana-errico\/","title":{"rendered":"Comunali San Vito: Forza Italia sostiene Silvana Errico"},"content":{"rendered":"<p>Mentre si delineano gli schieramenti in vista delle prossime ed imminenti elezioni amministrative, ecco che per il rinnovo del consiglio comunale di San Vito dei Normanni il partito azzurro ha espresso, a livello regionale, il suo indirizzo politico, schierandosi con la candidata civica alla carica di sindaco, Silvana Errico.<\/p>\n<p>&nbsp;<\/p>\n<p>\u00ab\u00c8 senza dubbio la persona che pu\u00f2 rappresentare la svolta per la nostra citt\u00e0\u00bb. Ad affermarlo \u00e8 Alessandra Pennella, coordinatrice cittadina di Forza Italia, che esprime viva soddisfazione per l&#8217;indicazione data dal partito, in accordo con la coordinatrice provinciale Laura De Mola.<\/p>\n<p>&nbsp;<\/p>\n<p>\u00abSilvana Errico pu\u00f2 indubbiamente vantare sia preparazione che esperienza amministrativa &#8211; afferma Laura De Mola &#8211; e sono queste qualit\u00e0 essenziali sulle quali abbiamo la necessit\u00e0 di puntare. Sono felice della scelta &#8211; conclude la coordinatrice provinciale &#8211; a maggior ragione perch\u00e9 si tratta di una donna capace, una donna che ha deciso di mettersi al servizio della comunit\u00e0, scevra da interessi personali\u00bb.<\/p>\n<p>&nbsp;<\/p>\n<p>In questo modo la Errico, attuale consigliere di minoranza, si assicura l&#8217;appoggio del partito forzista, pronto a spendersi dunque in prima linea nella prossima ventura campagna elettorale.<\/p>\n<p>&nbsp;<\/p>\n<p>&nbsp;<\/p>\n","protected":false},"excerpt":{"rendered":"<p>Mentre si delineano gli schieramenti in vista delle prossime ed imminenti elezioni amministrative, ecco che per il rinnovo del consiglio comunale di San Vito dei Normanni il partito azzurro ha espresso, a livello regionale, il suo indirizzo politico, schierandosi con la candidata civica alla carica di sindaco, Silvana Errico. &nbsp; \u00ab\u00c8 senza dubbio la persona che pu\u00f2 rappresentare la svolta per la nostra citt\u00e0\u00bb. Ad affermarlo \u00e8 Alessandra Pennella, coordinatrice cittadina di Forza Italia, che esprime viva soddisfazione per l&#8217;indicazione data dal partito, in accordo con la coordinatrice provinciale Laura De Mola. &nbsp; \u00abSilvana Errico pu\u00f2 indubbiamente vantare sia preparazione che esperienza amministrativa &#8211; afferma Laura De Mola &#8211; e sono queste qualit\u00e0 essenziali sulle quali abbiamo la necessit\u00e0 di puntare. Sono felice della scelta &#8211; conclude la coordinatrice provinciale &#8211; a maggior ragione perch\u00e9 si tratta di una donna capace, una donna che ha deciso di mettersi al servizio della comunit\u00e0, scevra da interessi personali\u00bb. &nbsp; In questo modo la Errico, attuale consigliere di minoranza, si assicura l&#8217;appoggio del&#8230;<\/p>\n","protected":false},"author":2,"featured_media":175264,"comment_status":"open","ping_status":"closed","sticky":false,"template":"","format":"standard","meta":{"footnotes":""},"categories":[7],"tags":[],"class_list":["post-175269","post","type-post","status-publish","format-standard","has-post-thumbnail","hentry","category-news"],"_links":{"self":[{"href":"https:\/\/www.brundisium.net\/index.php\/wp-json\/wp\/v2\/posts\/175269","targetHints":{"allow":["GET"]}}],"collection":[{"href":"https:\/\/www.brundisium.net\/index.php\/wp-json\/wp\/v2\/posts"}],"about":[{"href":"https:\/\/www.brundisium.net\/index.php\/wp-json\/wp\/v2\/types\/post"}],"author":[{"embeddable":true,"href":"https:\/\/www.brundisium.net\/index.php\/wp-json\/wp\/v2\/users\/2"}],"replies":[{"embeddable":true,"href":"https:\/\/www.brundisium.net\/index.php\/wp-json\/wp\/v2\/comments?post=175269"}],"version-history":[{"count":1,"href":"https:\/\/www.brundisium.net\/index.php\/wp-json\/wp\/v2\/posts\/175269\/revisions"}],"predecessor-version":[{"id":175272,"href":"https:\/\/www.brundisium.net\/index.php\/wp-json\/wp\/v2\/posts\/175269\/revisions\/175272"}],"wp:featuredmedia":[{"embeddable":true,"href":"https:\/\/www.brundisium.net\/index.php\/wp-json\/wp\/v2\/media\/175264"}],"wp:attachment":[{"href":"https:\/\/www.brundisium.net\/index.php\/wp-json\/wp\/v2\/media?parent=175269"}],"wp:term":[{"taxonomy":"category","embeddable":true,"href":"https:\/\/www.brundisium.net\/index.php\/wp-json\/wp\/v2\/categories?post=175269"},{"taxonomy":"post_tag","embeddable":true,"href":"https:\/\/www.brundisium.net\/index.php\/wp-json\/wp\/v2\/tags?post=175269"}],"curies":[{"name":"wp","href":"https:\/\/api.w.org\/{rel}","templated":true}]}}