{"id":175280,"date":"2020-07-31T09:59:12","date_gmt":"2020-07-31T07:59:12","guid":{"rendered":"http:\/\/www.brundisium.net\/?p=175280"},"modified":"2020-07-31T09:59:12","modified_gmt":"2020-07-31T07:59:12","slug":"ecco-attiva-san-vito-unaltra-lista-che-sostiene-il-m5s-marco-ruggiero","status":"publish","type":"post","link":"https:\/\/www.brundisium.net\/index.php\/ecco-attiva-san-vito-unaltra-lista-che-sostiene-il-m5s-marco-ruggiero\/","title":{"rendered":"Ecco &#8220;Attiva San Vito&#8221;, un&#8217;altra lista che sostiene il M5S Marco Ruggiero"},"content":{"rendered":"<p>Cittadini serrano le fila attorno al candidato sindaco del Movimento 5 Stelle, Marco Ruggiero. In vista delle vicinissime<br \/>\nelezioni amministrative l\u2019associazione \u201cAttiva San Vito\u201d si \u00e8 fatta lista civica: \u201cNon permetteremo che si spartiscano la nostra citt\u00e0 ed il nostro futuro ancora una volta\u201d.<\/p>\n<p>Non si tratta di un impegno preso all\u2019ultimo momento, di voglia di apparire nella speranza di portare a casa qualche voto, \u201cAttiva San Vito\u201d \u00e8 gi\u00e0 una realt\u00e0 consolidata da tempo e ora l\u2019intento del gruppo \u00e8 quello di sostenere Ruggiero.<\/p>\n<p>&nbsp;<\/p>\n<p>L\u2019associazione \u00e8 nata circa 4 anni fa e ha realizzato sul territorio e per la comunit\u00e0 sanvitese numerosi progetti che hanno spaziato dall\u2019ambito sociale, a quello del sostegno alle piccole, grandi battaglie quotidiane dei cittadini.<br \/>\nLa decisione di costituirsi lista civica \u00e8 stata a lungo ragionata e le ragioni della netta presa di posizione a favore del candidato del M5S nasce dalla convinzione che esiste un unico modo per cambiare le sorti della comunit\u00e0, amministrarla con trasparenza e dedizione, farlo con Ruggiero.<\/p>\n<p>&nbsp;<\/p>\n<p>\u201cDi questi tempi &#8211; ha dichiarato Francesca Loparco, medico e membro di \u2018Attiva San Vito\u2019-, comprendere per quale motivo un gruppo di cittadini voglia impegnarsi, in prima persona, per cambiare le sorti del proprio paese \u00e8 davvero qualcosa di complicato. Girarsi dall\u2019altra parte, far finta di nulla e lasciare che la vita, nel bene o nel male, ci passi davanti, infondo sarebbe la soluzione pi\u00f9 comoda. Eppure c\u2019\u00e8 ancora qualcuno che spera in un futuro migliore, padri e figli di una terra che vuole andare oltre le vecchie logiche di chi desidera spartirsi un territorio come se fosse<br \/>\nuna loro propriet\u00e0. La nostra citt\u00e0 \u00e8 un sacrosanto patrimonio di tutti\u201d.<\/p>\n<p>&nbsp;<\/p>\n<p>\u201cAttiva San Vito\u201d prima che una lista elettorale a sostegno di Ruggiero \u00e8 un gruppo di persone con vite, storie ed esperienze diverse. Un gruppo eterogeneo composto da ragazzi pronti a seguire il proprio istinto e a buttarsi a capofitto nella gestione della cosa pubblica, e da gente matura che ha vissuto sulla propria pelle l\u2019esperienza della cattiva amministrazione del paese ed ora \u00e8 talmente stanca da voler impedire che i soliti schemi continuino a ripetersi. Un gruppo pronto ad adoperarsi con forza, cuore e passione per cambiare le sorti di San Vito.<br \/>\n\u201cLo vogliamo fare, sosteniamo il candidato sindaco Ruggiero \u2013 ha dichiarato Alfredo Grasso, esponente del mondo sportivo locale e membro di \u201cAttiva San Vito\u201d-, perch\u00e9 crediamo che sia venuta l\u2019ora che veri rappresentanti della societ\u00e0 civile si assumano l\u2019onore e l\u2019onere di partecipare alla vita politica della propria comunit\u00e0. Vogliamo che il nostro paese sia amministrato da persone competenti e che abbiano a cuore solo le sorti della nostra comunit\u00e0. Questa volta lo faremo impegnandoci con la passione che ci contraddistingue\u201d.<\/p>\n<p>&nbsp;<\/p>\n<p>Il 5 agosto alle ore 19.30, in piazza Leonardo Leo, si terr\u00e0 la prima assemblea pubblica di confronto con Ruggiero e questa sar\u00e0 l\u2019occasione migliore per rafforzare il dialogo ed il confronto con chi vuole far rinascere la propria comunit\u00e0, perch\u00e9 non esiste futuro senza impegno, non esiste miglioramento, senza sforzi. E\u2019 l\u2019ora di una nuova e forte \u201cAttiva San Vito\u201d.<\/p>\n","protected":false},"excerpt":{"rendered":"<p>Cittadini serrano le fila attorno al candidato sindaco del Movimento 5 Stelle, Marco Ruggiero. In vista delle vicinissime elezioni amministrative l\u2019associazione \u201cAttiva San Vito\u201d si \u00e8 fatta lista civica: \u201cNon permetteremo che si spartiscano la nostra citt\u00e0 ed il nostro futuro ancora una volta\u201d. Non si tratta di un impegno preso all\u2019ultimo momento, di voglia di apparire nella speranza di portare a casa qualche voto, \u201cAttiva San Vito\u201d \u00e8 gi\u00e0 una realt\u00e0 consolidata da tempo e ora l\u2019intento del gruppo \u00e8 quello di sostenere Ruggiero. &nbsp; L\u2019associazione \u00e8 nata circa 4 anni fa e ha realizzato sul territorio e per la comunit\u00e0 sanvitese numerosi progetti che hanno spaziato dall\u2019ambito sociale, a quello del sostegno alle piccole, grandi battaglie quotidiane dei cittadini. La decisione di costituirsi lista civica \u00e8 stata a lungo ragionata e le ragioni della netta presa di posizione a favore del candidato del M5S nasce dalla convinzione che esiste un unico modo per cambiare le sorti della comunit\u00e0, amministrarla con trasparenza e dedizione, farlo con Ruggiero. &nbsp; \u201cDi&#8230;<\/p>\n","protected":false},"author":2,"featured_media":175281,"comment_status":"open","ping_status":"closed","sticky":false,"template":"","format":"standard","meta":{"footnotes":""},"categories":[7],"tags":[],"class_list":["post-175280","post","type-post","status-publish","format-standard","has-post-thumbnail","hentry","category-news"],"_links":{"self":[{"href":"https:\/\/www.brundisium.net\/index.php\/wp-json\/wp\/v2\/posts\/175280","targetHints":{"allow":["GET"]}}],"collection":[{"href":"https:\/\/www.brundisium.net\/index.php\/wp-json\/wp\/v2\/posts"}],"about":[{"href":"https:\/\/www.brundisium.net\/index.php\/wp-json\/wp\/v2\/types\/post"}],"author":[{"embeddable":true,"href":"https:\/\/www.brundisium.net\/index.php\/wp-json\/wp\/v2\/users\/2"}],"replies":[{"embeddable":true,"href":"https:\/\/www.brundisium.net\/index.php\/wp-json\/wp\/v2\/comments?post=175280"}],"version-history":[{"count":1,"href":"https:\/\/www.brundisium.net\/index.php\/wp-json\/wp\/v2\/posts\/175280\/revisions"}],"predecessor-version":[{"id":175282,"href":"https:\/\/www.brundisium.net\/index.php\/wp-json\/wp\/v2\/posts\/175280\/revisions\/175282"}],"wp:featuredmedia":[{"embeddable":true,"href":"https:\/\/www.brundisium.net\/index.php\/wp-json\/wp\/v2\/media\/175281"}],"wp:attachment":[{"href":"https:\/\/www.brundisium.net\/index.php\/wp-json\/wp\/v2\/media?parent=175280"}],"wp:term":[{"taxonomy":"category","embeddable":true,"href":"https:\/\/www.brundisium.net\/index.php\/wp-json\/wp\/v2\/categories?post=175280"},{"taxonomy":"post_tag","embeddable":true,"href":"https:\/\/www.brundisium.net\/index.php\/wp-json\/wp\/v2\/tags?post=175280"}],"curies":[{"name":"wp","href":"https:\/\/api.w.org\/{rel}","templated":true}]}}