{"id":175284,"date":"2020-07-30T20:03:40","date_gmt":"2020-07-30T18:03:40","guid":{"rendered":"http:\/\/www.brundisium.net\/?p=175284"},"modified":"2020-07-31T10:04:55","modified_gmt":"2020-07-31T08:04:55","slug":"siglata-lalleanza-tra-giusy-resta-e-carlo-gasparro-che-converge-con-il-suo-gruppo-politico-nella-coalizione-rosa-verde","status":"publish","type":"post","link":"https:\/\/www.brundisium.net\/index.php\/siglata-lalleanza-tra-giusy-resta-e-carlo-gasparro-che-converge-con-il-suo-gruppo-politico-nella-coalizione-rosa-verde\/","title":{"rendered":"Siglata l\u2019alleanza tra Giusy Resta e Carlo Gasparro, che converge con il suo gruppo politico nella Coalizione Rosa-Verde"},"content":{"rendered":"<p>\u00c8 stato siglato nella mattinata di oggi l\u2019accordo programmatico tra Giusy Resta, candidata sindaco alle prossime amministrative e Carlo Gasparro, che rinuncia alla corsa elettorale nelle vesti di candidato sindaco per convergere, con il suo gruppo politico, nella Coalizione Rosa-Verde. La decisione \u00e8 giunta a seguito di un confronto puntuale sui temi cardine dei rispettivi programmi, resi simili e complementari dal concetto di fondo che li ha generati: porre il cittadino al centro della pianificazione strategica della citt\u00e0. Resta e Gasparro si sono dati appuntamento all\u2019ingresso della Med Cooking School di Ceglie Messapica, uno dei luoghi simbolo della citt\u00e0, chiuso a causa di una mancata programmazione puntuale da parte della classe politica locale. Qui, \u00e8 stato ufficializzato l\u2019accordo tra i due professionisti attraverso la registrazione di un video.<br \/>\n\u00abSin dallo scorso 4 giugno, data in cui mi sono candidato a sindaco \u2013 dichiara Carlo Gasparro \u2013 ho spiegato che anteponevo le idee, il programma della mia squadra, alla mia stessa persona. Queste idee Giusy le conosce bene e saranno le idee della nostra azione di governo. Bisogna costituire un \u201cufficio Europa\u201d, che intercetti i fondi strutturali UE, e bisogna rendere centrali i concetti di legalit\u00e0 e trasparenza nella vita ammnistrativa. \u00c8 necessario studiare le strategie di marketing territoriale pi\u00f9 adeguate, anche rivisitando l\u2019organizzazione degli eventi.<br \/>\nCi siamo uniti per dare a Ceglie un nuovo progetto di citt\u00e0 e ci siamo dati appuntamento qui, dinnanzi alla Med Cooking School chiusa, affinch\u00e9 non accada pi\u00f9 che un\u2019opera di tale rilevanza sia abbandonata a un cos\u00ec triste destino. Sono sicuro che, dal primo giorno, lavoreremo fianco a fianco per far diventare questo posto un polo universitario di riferimento, un centro d\u2019eccellenza della cultura gastronomica. Avrei potuto continuare la mia campagna elettorale \u2013 conclude Gasparro \u2013 rischiando che le mie idee non andassero al governo della citt\u00e0. Ho voluto invece dare priorit\u00e0 al cambiamento culturale e amministrativo, per portare le nostre idee sullo scranno pi\u00f9 alto del governo cittadino\u00bb.<br \/>\n\u00abLa Coalizione Rosa-Verde si arricchisce di persone nuove \u2013 dichiara Giusy Resta \u2013 che aderiscono al progetto Ceglie in Rosa, apportando il proprio contributo umano e professionale. Nei mesi scorsi, soprattutto durante il lockdown, con un nutrito gruppo di amiche abbiamo dato vita a un progetto politico che si pone l&#8217;ambizioso obiettivo di eleggere il primo sindaco donna della storia di Ceglie Messapica. L&#8217;amico e collega Carlo Gasparro entra a far parte di questo gruppo, che nel frattempo ha accolto tante altre adesioni, per collaborare a un progetto unico, che mette al centro i valori dell&#8217;aggregazione e dell&#8217;inclusione.<br \/>\nCostruiremo una squadra di governo salda e di alto profilo, che sicuramente ti vedr\u00e0 al mio fianco come vice sindaco, dando voce ai cittadini e alle loro priorit\u00e0, convinti che una sana vita di comunit\u00e0 passi attraverso il dialogo e il confronto. Lo faremo attraverso #CalceViva e #LievitoMadre \u2013 conclude Resta \u2013  due spazi virtuali che abbiamo definito &#8220;acceleratori d&#8217;idee&#8221;, un modo concreto e innovativo per condividere il proprio punto di vista. Ceglie ha bisogno di noi, di ciascuno di noi, per diventare la citt\u00e0 che merita di essere\u00bb.<\/p>\n","protected":false},"excerpt":{"rendered":"<p>\u00c8 stato siglato nella mattinata di oggi l\u2019accordo programmatico tra Giusy Resta, candidata sindaco alle prossime amministrative e Carlo Gasparro, che rinuncia alla corsa elettorale nelle vesti di candidato sindaco per convergere, con il suo gruppo politico, nella Coalizione Rosa-Verde. La decisione \u00e8 giunta a seguito di un confronto puntuale sui temi cardine dei rispettivi programmi, resi simili e complementari dal concetto di fondo che li ha generati: porre il cittadino al centro della pianificazione strategica della citt\u00e0. Resta e Gasparro si sono dati appuntamento all\u2019ingresso della Med Cooking School di Ceglie Messapica, uno dei luoghi simbolo della citt\u00e0, chiuso a causa di una mancata programmazione puntuale da parte della classe politica locale. Qui, \u00e8 stato ufficializzato l\u2019accordo tra i due professionisti attraverso la registrazione di un video. \u00abSin dallo scorso 4 giugno, data in cui mi sono candidato a sindaco \u2013 dichiara Carlo Gasparro \u2013 ho spiegato che anteponevo le idee, il programma della mia squadra, alla mia stessa persona. Queste idee Giusy le conosce bene e saranno le&#8230;<\/p>\n","protected":false},"author":2,"featured_media":175285,"comment_status":"open","ping_status":"closed","sticky":false,"template":"","format":"standard","meta":{"footnotes":""},"categories":[7],"tags":[],"class_list":["post-175284","post","type-post","status-publish","format-standard","has-post-thumbnail","hentry","category-news"],"_links":{"self":[{"href":"https:\/\/www.brundisium.net\/index.php\/wp-json\/wp\/v2\/posts\/175284","targetHints":{"allow":["GET"]}}],"collection":[{"href":"https:\/\/www.brundisium.net\/index.php\/wp-json\/wp\/v2\/posts"}],"about":[{"href":"https:\/\/www.brundisium.net\/index.php\/wp-json\/wp\/v2\/types\/post"}],"author":[{"embeddable":true,"href":"https:\/\/www.brundisium.net\/index.php\/wp-json\/wp\/v2\/users\/2"}],"replies":[{"embeddable":true,"href":"https:\/\/www.brundisium.net\/index.php\/wp-json\/wp\/v2\/comments?post=175284"}],"version-history":[{"count":1,"href":"https:\/\/www.brundisium.net\/index.php\/wp-json\/wp\/v2\/posts\/175284\/revisions"}],"predecessor-version":[{"id":175286,"href":"https:\/\/www.brundisium.net\/index.php\/wp-json\/wp\/v2\/posts\/175284\/revisions\/175286"}],"wp:featuredmedia":[{"embeddable":true,"href":"https:\/\/www.brundisium.net\/index.php\/wp-json\/wp\/v2\/media\/175285"}],"wp:attachment":[{"href":"https:\/\/www.brundisium.net\/index.php\/wp-json\/wp\/v2\/media?parent=175284"}],"wp:term":[{"taxonomy":"category","embeddable":true,"href":"https:\/\/www.brundisium.net\/index.php\/wp-json\/wp\/v2\/categories?post=175284"},{"taxonomy":"post_tag","embeddable":true,"href":"https:\/\/www.brundisium.net\/index.php\/wp-json\/wp\/v2\/tags?post=175284"}],"curies":[{"name":"wp","href":"https:\/\/api.w.org\/{rel}","templated":true}]}}