{"id":175318,"date":"2020-08-01T12:33:14","date_gmt":"2020-08-01T10:33:14","guid":{"rendered":"http:\/\/www.brundisium.net\/?p=175318"},"modified":"2020-08-01T09:40:06","modified_gmt":"2020-08-01T07:40:06","slug":"al-via-il-programma-della-estate-a-montalbano-2020","status":"publish","type":"post","link":"https:\/\/www.brundisium.net\/index.php\/al-via-il-programma-della-estate-a-montalbano-2020\/","title":{"rendered":"Al via il programma della \u201cEstate a Montalbano 2020\u201d"},"content":{"rendered":"<p>Prender\u00e0 il via domenica prossima 2 agosto a Montalbano il programma di manifestazioni estive dal titolo \u201cESTATE A MONTALBANO 2020\u201d, messo a punto dalla Associazione teatrale amatoriale in vernacolo e non \u201cGli amici di Giuuaanneed\u201d, presieduta da Mina Schiavone.<\/p>\n<p>Si tratta di quattro eventi che si svolgeranno nel corso della estate e con il patrocinio del Comune di Fasano, e della C.I.A. \u2013 Agricoltori Italiani Due Mari (Brindisi-Taranto).<\/p>\n<p>Obiettivo delle diverse iniziative: animare la frazione nel periodo estivo recuperando una serie di tradizioni della cultura tipica sia locale che regionale.<\/p>\n<p>Questo il programma degli eventi che si svolgeranno tutti in Piazza della Libert\u00e0 a partire dalle ore 20.30 nel pieno rispetto delle norme anti Covid.<\/p>\n<p>Domenica 2 agosto, il gruppo ragazzi della associazione porter\u00e0 in scena la commedia in vernacolo \u201cHermanno Berlocco, medico condotto\u201d.<\/p>\n<p>Sabato 8 agosto sar\u00e0 la volta del duo cistranese \u201cCic\u00ec e Coc\u00f2 \u2013 Cabarettisti per Solidariet\u00e0\u201d.<\/p>\n<p>Domenica 9 agosto, invece, \u00e8 in programma una serata di cabaret con il duo comico composto da Piero De Lucia e Kikka Frisini dal titolo \u201cE\u2019 tutto un manicomio\u201d.<\/p>\n<p>Infine domenica 16 agosto, il gruppo adulti della associazione porter\u00e0 in scena la commedia in vernacolo \u201cG\u00eci\u00f9u\u00e0ann\u00e8ed \u00e0 k\u00e0ttev\u201d. Si tratta di una riproposizione della prima commedia in vernacolo portata in scena nel 2010 dalla associazione. Quest\u2019anno, infatti, ricorre il decennale di costituzione della associazione \u201cGli amici di G\u00eci\u00f9u\u00e0ann\u00e8ed\u201d, e per questo il sodalizio ha deciso di riproporre in chiave rivisitata la prima opera teatrale scritta e portata in scena per la prima volta dieci anni fa.<\/p>\n<p>In occasione del decennale la associazione ha anche abbellito piazza della Libert\u00e0 con dieci ombrelli colorati fluttuanti che sono stati sospesi a diversi metri da terra.<\/p>\n<p>&nbsp;<\/p>\n<p>Ed infine nei giorni scorsi la associazione ha concluso un progetto di conoscenza delle tradizioni contadine di un tempo, impegnando il gruppo ragazzi (composto da una ventina tra bambini e ragazzi tra 5 e 15 anni) nella mietitura e trebbiatura del grano, e nella raccolta dei pomodori con la realizzazione della salsa. Il progetto si \u00e8 concluso domenica scorsa 26 luglio con una festa popolare che si \u00e8 svolta presso il Centro Ippico Asd \u201cGli Ulivi\u201d a Montalbano.<br \/>\nLa Associazione Teatrale Amatoriale \u201cGli Amici di Gi\u00f9\u00e0ann\u00e8edd\u201d da 10 anni promuove e diffonde la cultura e l\u2019arte del teatro in vernacolo e non, con l\u2019obiettivo di valorizzare e tramandare non solo il dialetto ma anche gli usi, i costumi e le tradizioni contadine di un tempo, oltre che i prodotti agricoli locali tipici e la biodiversit\u00e0.<br \/>\nIn ogni opera teatrale non mancano figure legate la mondo contadino e cenni di storie contadine avvenute negli anni \u201940, \u201950 e \u201960 del secolo scorso. La maggior parte delle opere sono ambientate in masserie.<\/p>\n<p>La Associazione dal 2016 ha istituito anche una sezione teatrale riservata ai pi\u00f9 piccoli &#8211; una ventina di bambini e ragazzi di et\u00e0 compresa tra i 6 e i 15 anni &#8211; proprio con l\u2019obiettivo di tramandare il vernacolo ma anche le tradizioni, gli usi, i costumi della cultura contadina locale ai pi\u00f9 piccoli, alle donne e agli uomini di domani.<br \/>\nParlare il dialetto, infatti, non \u00e8 maleducazione ma amore per le proprie origini, e saperlo parlare \u00e8 arte.<\/p>\n<p>Un impegno costante e concreto che ha permesso alla associazione nel 2017 di ottenere un ambito riconoscimento.<\/p>\n<p>L\u2019Associazione \u201cGli amici di Gi\u00f9\u00e0ann\u00e8edd\u201d, infatti, \u00e8 stata una delle 3 realt\u00e0 pugliesi (unica associazione culturale su tre in tutta Italia) ad aver ottenuto a livello nazionale il Premio Bandiera Verde Agricoltura 2017, il riconoscimento &#8211; promosso da C.I.A. &#8211; Agricoltori Italiani &#8211; assegnato a chi, col proprio lavoro, si \u00e8 distinto nella valorizzazione di eccellenze legate all\u2019agricoltura, l\u2019enogastronomia, l\u2019innovazione e la sostenibilit\u00e0 del comparto primario.<br \/>\nMontalbano di Fasano, 31 luglio 2020.<\/p>\n<p>&nbsp;<\/p>\n<p>&nbsp;<\/p>\n","protected":false},"excerpt":{"rendered":"<p>Prender\u00e0 il via domenica prossima 2 agosto a Montalbano il programma di manifestazioni estive dal titolo \u201cESTATE A MONTALBANO 2020\u201d, messo a punto dalla Associazione teatrale amatoriale in vernacolo e non \u201cGli amici di Giuuaanneed\u201d, presieduta da Mina Schiavone. Si tratta di quattro eventi che si svolgeranno nel corso della estate e con il patrocinio del Comune di Fasano, e della C.I.A. \u2013 Agricoltori Italiani Due Mari (Brindisi-Taranto). Obiettivo delle diverse iniziative: animare la frazione nel periodo estivo recuperando una serie di tradizioni della cultura tipica sia locale che regionale. Questo il programma degli eventi che si svolgeranno tutti in Piazza della Libert\u00e0 a partire dalle ore 20.30 nel pieno rispetto delle norme anti Covid. Domenica 2 agosto, il gruppo ragazzi della associazione porter\u00e0 in scena la commedia in vernacolo \u201cHermanno Berlocco, medico condotto\u201d. Sabato 8 agosto sar\u00e0 la volta del duo cistranese \u201cCic\u00ec e Coc\u00f2 \u2013 Cabarettisti per Solidariet\u00e0\u201d. Domenica 9 agosto, invece, \u00e8 in programma una serata di cabaret con il duo comico composto da Piero De Lucia&#8230;<\/p>\n","protected":false},"author":2,"featured_media":175319,"comment_status":"open","ping_status":"closed","sticky":false,"template":"","format":"standard","meta":{"footnotes":""},"categories":[7],"tags":[],"class_list":["post-175318","post","type-post","status-publish","format-standard","has-post-thumbnail","hentry","category-news"],"_links":{"self":[{"href":"https:\/\/www.brundisium.net\/index.php\/wp-json\/wp\/v2\/posts\/175318","targetHints":{"allow":["GET"]}}],"collection":[{"href":"https:\/\/www.brundisium.net\/index.php\/wp-json\/wp\/v2\/posts"}],"about":[{"href":"https:\/\/www.brundisium.net\/index.php\/wp-json\/wp\/v2\/types\/post"}],"author":[{"embeddable":true,"href":"https:\/\/www.brundisium.net\/index.php\/wp-json\/wp\/v2\/users\/2"}],"replies":[{"embeddable":true,"href":"https:\/\/www.brundisium.net\/index.php\/wp-json\/wp\/v2\/comments?post=175318"}],"version-history":[{"count":1,"href":"https:\/\/www.brundisium.net\/index.php\/wp-json\/wp\/v2\/posts\/175318\/revisions"}],"predecessor-version":[{"id":175320,"href":"https:\/\/www.brundisium.net\/index.php\/wp-json\/wp\/v2\/posts\/175318\/revisions\/175320"}],"wp:featuredmedia":[{"embeddable":true,"href":"https:\/\/www.brundisium.net\/index.php\/wp-json\/wp\/v2\/media\/175319"}],"wp:attachment":[{"href":"https:\/\/www.brundisium.net\/index.php\/wp-json\/wp\/v2\/media?parent=175318"}],"wp:term":[{"taxonomy":"category","embeddable":true,"href":"https:\/\/www.brundisium.net\/index.php\/wp-json\/wp\/v2\/categories?post=175318"},{"taxonomy":"post_tag","embeddable":true,"href":"https:\/\/www.brundisium.net\/index.php\/wp-json\/wp\/v2\/tags?post=175318"}],"curies":[{"name":"wp","href":"https:\/\/api.w.org\/{rel}","templated":true}]}}