{"id":175334,"date":"2020-08-01T10:22:11","date_gmt":"2020-08-01T08:22:11","guid":{"rendered":"http:\/\/www.brundisium.net\/?p=175334"},"modified":"2020-08-01T10:22:11","modified_gmt":"2020-08-01T08:22:11","slug":"teatro-pubblico-pugliese-a-mesagne-fabrizio-saccomanno-radicanto-e-michele-placido","status":"publish","type":"post","link":"https:\/\/www.brundisium.net\/index.php\/teatro-pubblico-pugliese-a-mesagne-fabrizio-saccomanno-radicanto-e-michele-placido\/","title":{"rendered":"Teatro Pubblico Pugliese: a Mesagne Fabrizio Saccomanno, Radicanto e Michele Placido"},"content":{"rendered":"<p>Tre appuntamenti ad agosto e uno a settembre. \u00c8 con questo programma che il Comune di Mesagne riparte dopo mesi di blocco con una stagione estiva organizzata in collaborazione con il Teatro Pubblico Pugliese. Gli spettacoli si terranno in piazza Orsini del Balzo o nell\u2019Atrio del Castello.<\/p>\n<p><a href=\"http:\/\/www.brundisium.net\/brun\/wp-content\/uploads\/2020\/08\/LOW-foto-IANCU_DOMENICO-SUMMA_DSC_0053.jpeg\"><img loading=\"lazy\" decoding=\"async\" class=\"alignleft size-medium wp-image-175343\" src=\"http:\/\/www.brundisium.net\/brun\/wp-content\/uploads\/2020\/08\/LOW-foto-IANCU_DOMENICO-SUMMA_DSC_0053-300x199.jpeg\" alt=\"\" width=\"300\" height=\"199\" srcset=\"https:\/\/www.brundisium.net\/brun\/wp-content\/uploads\/2020\/08\/LOW-foto-IANCU_DOMENICO-SUMMA_DSC_0053-300x199.jpeg 300w, https:\/\/www.brundisium.net\/brun\/wp-content\/uploads\/2020\/08\/LOW-foto-IANCU_DOMENICO-SUMMA_DSC_0053-768x510.jpeg 768w, https:\/\/www.brundisium.net\/brun\/wp-content\/uploads\/2020\/08\/LOW-foto-IANCU_DOMENICO-SUMMA_DSC_0053.jpeg 1000w\" sizes=\"auto, (max-width: 300px) 100vw, 300px\" \/><\/a>Si comincia il 12 agosto con Iancu, un paese vuol dire, progetto di Fabrizio Saccomanno, in scena nell\u2019Atrio Castello alle 21. Questo \u00e8 il racconto di una giornata. Una domenica dell\u2019agosto del 1976 in cui la grande Storia, quella con la S maiuscola, invade la vita e le strade di un paese del Salento. Un famoso bandito, fuggito dal carcere di Lecce due giorni prima, \u00e8 stato riconosciuto mentre si nasconde nelle campagne del paese. Inizia cos\u00ec una tragicomica caccia all&#8217;uomo che coinvolge un po\u2019 tutti, bambini compresi. Ma questo non \u00e8 solo il racconto di una giornata. \u00c8 il racconto di un\u2019infanzia e degli inganni e le illusioni che la circondano. Ed \u00e8 soprattutto il racconto di un\u2019epoca. Attraverso gli occhi di un bambino di otto anni viene ricostruito il mosaico del ricordo: uno strano e deformato affresco di quegli anni nel profondo Sud. Un sud che oggi non c\u2019\u00e8 pi\u00f9, piazze e comunit\u00e0 che si sono svuotate e si sono imbarbarite, o sono state svendute. Nessuna cartolina, nessuna nostalgia: \u00e8 un mondo duro, cupo, eppure comico e grottesco. Un mondo fotografato un attimo prima di scomparire. Un mondo di figure mitiche, contadini, preti, nonni, libellule, giornaletti e una gran voglia di diventare grandi, chiss\u00e0 poi perch\u00e9.<\/p>\n<p>&nbsp;<\/p>\n<p><a href=\"http:\/\/www.brundisium.net\/brun\/wp-content\/uploads\/2020\/08\/radicanto.jpg\"><img loading=\"lazy\" decoding=\"async\" class=\"size-medium wp-image-175345 alignright\" src=\"http:\/\/www.brundisium.net\/brun\/wp-content\/uploads\/2020\/08\/radicanto-300x200.jpg\" alt=\"\" width=\"300\" height=\"200\" srcset=\"https:\/\/www.brundisium.net\/brun\/wp-content\/uploads\/2020\/08\/radicanto-300x200.jpg 300w, https:\/\/www.brundisium.net\/brun\/wp-content\/uploads\/2020\/08\/radicanto-1024x683.jpg 1024w, https:\/\/www.brundisium.net\/brun\/wp-content\/uploads\/2020\/08\/radicanto-768x512.jpg 768w, https:\/\/www.brundisium.net\/brun\/wp-content\/uploads\/2020\/08\/radicanto.jpg 1252w\" sizes=\"auto, (max-width: 300px) 100vw, 300px\" \/><\/a>Si prosegue il 26 agosto in piazza Orsini del Balzo (ore 21) con la nuova produzione dei Radicanto, Le Indie di quaggi\u00f9, nata dalla voglia di esplorare attraverso la forma \u201ccanzone\u201d in chiave d\u2019autore e acustica la musica del mediterraneo. Ricerca, rielaborazione e dedizione verso le tradizioni popolari \u201cvive\u201d di tutto il mediterraneo, che hanno fatto, nel corso dell\u2019ultimo decennio, dei Radicanto una delle pi\u00f9 interessanti realt\u00e0 musicali in Italia. Il risultato \u00e8 una performance musicale d&#8217;impatto, votata al ritmo, alla melodia e alla memoria di quella storia non ufficiale che non smetter\u00e0 mai di insegnarci il futuro, con i suoi momenti d&#8217;autore che riecheggiano fra le note e che prendono forma nella poetica ruvida dei suoi cantori.<\/p>\n<p>&nbsp;<\/p>\n<p><a href=\"http:\/\/www.brundisium.net\/brun\/wp-content\/uploads\/2020\/08\/Michele-Placido.jpg\"><img loading=\"lazy\" decoding=\"async\" class=\"alignleft size-medium wp-image-175344\" src=\"http:\/\/www.brundisium.net\/brun\/wp-content\/uploads\/2020\/08\/Michele-Placido-200x300.jpg\" alt=\"\" width=\"200\" height=\"300\" srcset=\"https:\/\/www.brundisium.net\/brun\/wp-content\/uploads\/2020\/08\/Michele-Placido-200x300.jpg 200w, https:\/\/www.brundisium.net\/brun\/wp-content\/uploads\/2020\/08\/Michele-Placido-683x1024.jpg 683w, https:\/\/www.brundisium.net\/brun\/wp-content\/uploads\/2020\/08\/Michele-Placido-768x1152.jpg 768w, https:\/\/www.brundisium.net\/brun\/wp-content\/uploads\/2020\/08\/Michele-Placido.jpg 1000w\" sizes=\"auto, (max-width: 200px) 100vw, 200px\" \/><\/a>La stagione estiva si chiude il 5 settembre con Michele Placido in Serata d\u2019onore in programma sempre in piazza Orsini del Balzo. Un recital che vuole essere un racconto, un dialogo tra artista e spettatori. Michele Placido interpreter\u00e0 poesie e monologhi di grandi personaggi come Dante, Neruda, Montale, D\u2019Annunzio e non mancheranno i versi dei pi\u00f9 importanti poeti e scrittori napoletani come Salvatore Di Giacomo, Raffaele Viviani, Eduardo De Filippo. Ad accompagnarlo in questo viaggio poetico musicale Gianluigi Esposito (voce e chitarra) e Antonio Saturno (chitarra e mandolino) che interpreteranno le pi\u00f9 belle canzoni classiche napoletane accompagnando gli spettatori tra le pi\u00f9 belle pagine della poesia e del teatro.<\/p>\n<p>&nbsp;<\/p>\n<p>Biglietti<br \/>\nPer gli spettacoli Iancu, Radicanto: le Indie di quaggi\u00f9<br \/>\nPosto unico &#8211; \u20ac 5<br \/>\nPer lo spettacolo Serata d\u2019onore<br \/>\nPosto unico &#8211; \u20ac 10<\/p>\n<p>&nbsp;<\/p>\n<p>Vendita dei biglietti<br \/>\nPrenotazione telefonica al 339.1338519<br \/>\nLa sera di spettacolo sar\u00e0 allestito il botteghino presso il Castello Comunale a partire dalle 20.00 fino a inizio spettacolo. I biglietti sono disponibili anche online su www.vivaticket.com<\/p>\n<p>&nbsp;<\/p>\n<p>MISURE DI DISTANZIAMENTO SOCIALE<br \/>\nTutti i posti disponibili saranno senza assegnazione e rispetteranno le normative vigenti anticovid di distanziamento sociale. \u00c8 obbligatorio entrare in teatro con la mascherina indossata che potr\u00e0 essere tolta durante la rappresentazione teatrale.<\/p>\n<p>&nbsp;<\/p>\n","protected":false},"excerpt":{"rendered":"<p>Tre appuntamenti ad agosto e uno a settembre. \u00c8 con questo programma che il Comune di Mesagne riparte dopo mesi di blocco con una stagione estiva organizzata in collaborazione con il Teatro Pubblico Pugliese. Gli spettacoli si terranno in piazza Orsini del Balzo o nell\u2019Atrio del Castello. Si comincia il 12 agosto con Iancu, un paese vuol dire, progetto di Fabrizio Saccomanno, in scena nell\u2019Atrio Castello alle 21. Questo \u00e8 il racconto di una giornata. Una domenica dell\u2019agosto del 1976 in cui la grande Storia, quella con la S maiuscola, invade la vita e le strade di un paese del Salento. Un famoso bandito, fuggito dal carcere di Lecce due giorni prima, \u00e8 stato riconosciuto mentre si nasconde nelle campagne del paese. Inizia cos\u00ec una tragicomica caccia all&#8217;uomo che coinvolge un po\u2019 tutti, bambini compresi. Ma questo non \u00e8 solo il racconto di una giornata. \u00c8 il racconto di un\u2019infanzia e degli inganni e le illusioni che la circondano. Ed \u00e8 soprattutto il racconto di un\u2019epoca. Attraverso gli occhi di&#8230;<\/p>\n","protected":false},"author":2,"featured_media":174426,"comment_status":"open","ping_status":"closed","sticky":false,"template":"","format":"standard","meta":{"footnotes":""},"categories":[7],"tags":[],"class_list":["post-175334","post","type-post","status-publish","format-standard","has-post-thumbnail","hentry","category-news"],"_links":{"self":[{"href":"https:\/\/www.brundisium.net\/index.php\/wp-json\/wp\/v2\/posts\/175334","targetHints":{"allow":["GET"]}}],"collection":[{"href":"https:\/\/www.brundisium.net\/index.php\/wp-json\/wp\/v2\/posts"}],"about":[{"href":"https:\/\/www.brundisium.net\/index.php\/wp-json\/wp\/v2\/types\/post"}],"author":[{"embeddable":true,"href":"https:\/\/www.brundisium.net\/index.php\/wp-json\/wp\/v2\/users\/2"}],"replies":[{"embeddable":true,"href":"https:\/\/www.brundisium.net\/index.php\/wp-json\/wp\/v2\/comments?post=175334"}],"version-history":[{"count":1,"href":"https:\/\/www.brundisium.net\/index.php\/wp-json\/wp\/v2\/posts\/175334\/revisions"}],"predecessor-version":[{"id":175346,"href":"https:\/\/www.brundisium.net\/index.php\/wp-json\/wp\/v2\/posts\/175334\/revisions\/175346"}],"wp:featuredmedia":[{"embeddable":true,"href":"https:\/\/www.brundisium.net\/index.php\/wp-json\/wp\/v2\/media\/174426"}],"wp:attachment":[{"href":"https:\/\/www.brundisium.net\/index.php\/wp-json\/wp\/v2\/media?parent=175334"}],"wp:term":[{"taxonomy":"category","embeddable":true,"href":"https:\/\/www.brundisium.net\/index.php\/wp-json\/wp\/v2\/categories?post=175334"},{"taxonomy":"post_tag","embeddable":true,"href":"https:\/\/www.brundisium.net\/index.php\/wp-json\/wp\/v2\/tags?post=175334"}],"curies":[{"name":"wp","href":"https:\/\/api.w.org\/{rel}","templated":true}]}}