{"id":175370,"date":"2020-08-01T18:26:54","date_gmt":"2020-08-01T16:26:54","guid":{"rendered":"http:\/\/www.brundisium.net\/?p=175370"},"modified":"2020-08-01T18:26:54","modified_gmt":"2020-08-01T16:26:54","slug":"concluso-il-terzo-modulo-del-work-camp-dei-ragazzi-2020","status":"publish","type":"post","link":"https:\/\/www.brundisium.net\/index.php\/concluso-il-terzo-modulo-del-work-camp-dei-ragazzi-2020\/","title":{"rendered":"Concluso il terzo modulo del Work Camp dei Ragazzi 2020"},"content":{"rendered":"<p>Si \u00e8 concluso venerd\u00ec 31 luglio il terzo modulo del Work Camp dei Ragazzi 2020, promosso dalla Cooperativa<br \/>\nSociale Amani di Brindisi, nell&#8217;ambito delle iniziative del Servizio \u201cLa Citt\u00e0 dei Ragazzi\u201d, iniziato luned\u00ec 22 giugno<br \/>\npresso l&#8217;Oratorio della Parrocchia \u201cS. Giustino de Jacobis\u201d (Quartiere Bozzano).<\/p>\n<p>Dal luned\u00ec al venerd\u00ec, dalle ore 8.30 fino alle 12.30, 20 bambini e bambine di et\u00e0 compresa fra i 6 e gli 11 anni,<br \/>\nhanno trascorso divertenti giornate costruendo un indimenticabile percorso di crescita personale.<\/p>\n<p>Accompagnati dagli animatori della Cooperativa hanno trascorso, in allegria e spensieratezza, dieci mattine<br \/>\nall\u2019insegna di diverse attivit\u00e0 educative, elaborate per stimolare azioni e senso di cittadinanza attiva attraverso:<br \/>\nlaboratori originali, arte, esperimenti, giochi, musica, sport, animazione e riqualificazione urbana.<\/p>\n<p>&nbsp;<\/p>\n<p>Tutte le attivit\u00e0 sono state proposte nel rispetto delle norme di sicurezza anti Covid-19, in linea con le indicazioni<br \/>\nemanate dal Governo e dal Presidente della Regione Puglia.<\/p>\n<p>&nbsp;<\/p>\n<p>Venerd\u00ec 31 luglio, alle ore 11.30, alla presenza dei genitori, di alcuni Amministratori adulti e del ViceParroco Don<br \/>\nStefano Bruno, ci si \u00e8 ritrovati tutti insieme, \u201ca debita distanza\u201d, per un momento di saluto e convivialit\u00e0, durante<br \/>\nil quale al centro dell\u2019attenzione ci sono stati proprio i bambini e la loro esperienza: hanno avuto modo di<br \/>\nraccontare quanto realizzato con le proprie mani e di \u201cdonare\u201d all\u2019Oratorio della Parrocchia alcune panchine e<br \/>\ntavoli riqualificati, costruiti con materiale di riciclo.<\/p>\n<p>&nbsp;<\/p>\n<p>Durante ogni modulo del Work Camp, i partecipanti hanno progettato e prodotto alcuni arredi da lasciare in<br \/>\nParrocchia: un segnale di cittadinanza attiva che vede i bambini impegnati per il bene comune.<\/p>\n<p>&nbsp;<\/p>\n<p>Tanti i genitori ed i nonni intervenuti che hanno palesato il loro ringraziamento per il lavoro fatto; hanno spiegato<br \/>\nquanto importante il Work Camp frequentato da figli e nipoti. Per i bambini e le bambine \u00e8 stato un modo per<br \/>\nstare insieme, scambiarsi sorrisi ed idee, imparare cose nuove e conoscere realt\u00e0 diverse.<\/p>\n<p>&nbsp;<\/p>\n<p>Da marted\u00ec 18 a venerd\u00ec 28 agosto si svolger\u00e0 un nuovo ed interessante modulo di attivit\u00e0, sempre presso<br \/>\nl\u2019Oratorio della Parrocchia di S.Giustino de Jacobis. Il Work Camp accoglier\u00e0 un altro gruppo di 20 bambini e<br \/>\nbambine che avranno modo di sperimentare cose nuove, accompagnati dall\u2019\u00e9quipe di operatori del Servizio \u201cLa<br \/>\nCitt\u00e0 dei Ragazzi\u201d.<\/p>\n<p>&nbsp;<\/p>\n<p>Il Comune di Brindisi e la Coop. Amani hanno voluto inserire un ulteriore periodo di attivit\u00e0, date le numerose<br \/>\nrichieste dei genitori e la disponibilit\u00e0 dell\u2019Oratorio della Parrocchia.<\/p>\n<p>&nbsp;<\/p>\n<p>Il Work Camp 2020 \u00e8 promosso dal Comune di Brindisi &#8211; Assessorato alle Politiche Sociali e Presidenza del<br \/>\nConsiglio, in collaborazione con la Cooperativa sociale \u201cAmani\u201d, Ambito Brindisi-S. Vito dei Normanni, Consiglio<br \/>\nComunale dei Ragazzi, in collaborazione con la Parrocchia \u201cS. Giustino de Jacobis\u201d di Brindisi.<\/p>\n<p>&nbsp;<\/p>\n<p>Per info: Segreteria Amministrativa Amani Coop. Sociale \u201cLa Citt\u00e0 dei Ragazzi\u201d &#8211; Tel. 0831-597872<br \/>\nCanali social: amanibrindisi (Facebook); @amanibrindisi (Instagram).<\/p>\n","protected":false},"excerpt":{"rendered":"<p>Si \u00e8 concluso venerd\u00ec 31 luglio il terzo modulo del Work Camp dei Ragazzi 2020, promosso dalla Cooperativa Sociale Amani di Brindisi, nell&#8217;ambito delle iniziative del Servizio \u201cLa Citt\u00e0 dei Ragazzi\u201d, iniziato luned\u00ec 22 giugno presso l&#8217;Oratorio della Parrocchia \u201cS. Giustino de Jacobis\u201d (Quartiere Bozzano). Dal luned\u00ec al venerd\u00ec, dalle ore 8.30 fino alle 12.30, 20 bambini e bambine di et\u00e0 compresa fra i 6 e gli 11 anni, hanno trascorso divertenti giornate costruendo un indimenticabile percorso di crescita personale. Accompagnati dagli animatori della Cooperativa hanno trascorso, in allegria e spensieratezza, dieci mattine all\u2019insegna di diverse attivit\u00e0 educative, elaborate per stimolare azioni e senso di cittadinanza attiva attraverso: laboratori originali, arte, esperimenti, giochi, musica, sport, animazione e riqualificazione urbana. &nbsp; Tutte le attivit\u00e0 sono state proposte nel rispetto delle norme di sicurezza anti Covid-19, in linea con le indicazioni emanate dal Governo e dal Presidente della Regione Puglia. &nbsp; Venerd\u00ec 31 luglio, alle ore 11.30, alla presenza dei genitori, di alcuni Amministratori adulti e del ViceParroco Don Stefano Bruno, ci&#8230;<\/p>\n","protected":false},"author":2,"featured_media":175371,"comment_status":"open","ping_status":"closed","sticky":false,"template":"","format":"standard","meta":{"footnotes":""},"categories":[7],"tags":[],"class_list":["post-175370","post","type-post","status-publish","format-standard","has-post-thumbnail","hentry","category-news"],"_links":{"self":[{"href":"https:\/\/www.brundisium.net\/index.php\/wp-json\/wp\/v2\/posts\/175370","targetHints":{"allow":["GET"]}}],"collection":[{"href":"https:\/\/www.brundisium.net\/index.php\/wp-json\/wp\/v2\/posts"}],"about":[{"href":"https:\/\/www.brundisium.net\/index.php\/wp-json\/wp\/v2\/types\/post"}],"author":[{"embeddable":true,"href":"https:\/\/www.brundisium.net\/index.php\/wp-json\/wp\/v2\/users\/2"}],"replies":[{"embeddable":true,"href":"https:\/\/www.brundisium.net\/index.php\/wp-json\/wp\/v2\/comments?post=175370"}],"version-history":[{"count":1,"href":"https:\/\/www.brundisium.net\/index.php\/wp-json\/wp\/v2\/posts\/175370\/revisions"}],"predecessor-version":[{"id":175372,"href":"https:\/\/www.brundisium.net\/index.php\/wp-json\/wp\/v2\/posts\/175370\/revisions\/175372"}],"wp:featuredmedia":[{"embeddable":true,"href":"https:\/\/www.brundisium.net\/index.php\/wp-json\/wp\/v2\/media\/175371"}],"wp:attachment":[{"href":"https:\/\/www.brundisium.net\/index.php\/wp-json\/wp\/v2\/media?parent=175370"}],"wp:term":[{"taxonomy":"category","embeddable":true,"href":"https:\/\/www.brundisium.net\/index.php\/wp-json\/wp\/v2\/categories?post=175370"},{"taxonomy":"post_tag","embeddable":true,"href":"https:\/\/www.brundisium.net\/index.php\/wp-json\/wp\/v2\/tags?post=175370"}],"curies":[{"name":"wp","href":"https:\/\/api.w.org\/{rel}","templated":true}]}}