{"id":175393,"date":"2020-08-03T10:32:41","date_gmt":"2020-08-03T08:32:41","guid":{"rendered":"http:\/\/www.brundisium.net\/?p=175393"},"modified":"2020-08-03T10:32:41","modified_gmt":"2020-08-03T08:32:41","slug":"parco-buscicchio-prorogato-il-centro-estivo","status":"publish","type":"post","link":"https:\/\/www.brundisium.net\/index.php\/parco-buscicchio-prorogato-il-centro-estivo\/","title":{"rendered":"Parco Buscicchio: prorogato il centro estivo"},"content":{"rendered":"<p>Il Centro Estivo E\u2026state al parco continua.<\/p>\n<p>La cooperativa di comunit\u00e0-Legami di Comunit\u00e0- BR ha avviato un centro estivo che dal 29 giugno vede i bambini di tutti i quartieri della citt\u00e0 vivere il parco Buscicchio in via Mantegna, nel quartiere Sant\u2019Elia- Brindisi.<\/p>\n<p>Un centro estivo il cui successo \u00e8 confermato dalle tante richieste di proroga da parte dei genitori dei bambini che hanno partecipato. Si \u00e8 assistito alla continuit\u00e0 di un percorso, iniziato gi\u00e0 da un paio di anni, quando un gruppo informale di cittadini ha deciso di prendersi cura e di farsi carico dell\u2019educazione dei bambini di Sant\u2019Elia, per poi giungere alla fotografia di oggi dove i bambini sono protagonisti della rigenerazione del parco e di nuovo concetto di abitabilit\u00e0 rispetto al bene comune.<\/p>\n<p>Vogliamo costruire una nuova frontiera a Sant\u2019Elia e in citt\u00e0 per un\u2019educazione accessibile a tutti che sviluppi apprendimento diffuso e informale.<\/p>\n<p>In uno spazio aperto e riconosciuto, abbiamo lavorato ad un laboratorio di contaminazione sociale, culturale, economica, mescolando le provenienze.<\/p>\n<p>\u00c8 necessario l\u2019incontro e il dialogo fra diversi. E quindi investire insieme nel proprio futuro diventa essenziale per famiglie agiate, classe media e quella povera.<\/p>\n<p>Paganti e non. Zero denaro pubblico utilizzato. Met\u00e0 i bambini del quartiere e il resto da fuori: ecco cosa c\u2019\u00e8 dietro il disegno sperimentato con l\u2019E&#8230;STATE AL PARCO!<\/p>\n<p>&nbsp;<\/p>\n<p>INFO<\/p>\n<p>Email parco.buscicchio@gmail.com<\/p>\n<p>&nbsp;<\/p>\n<p>Facebook:<\/p>\n<p>Legami di comunit\u00e0 (pagina)<\/p>\n<p>https:\/\/www.facebook.com\/legamidicomunita<\/p>\n","protected":false},"excerpt":{"rendered":"<p>Il Centro Estivo E\u2026state al parco continua. La cooperativa di comunit\u00e0-Legami di Comunit\u00e0- BR ha avviato un centro estivo che dal 29 giugno vede i bambini di tutti i quartieri della citt\u00e0 vivere il parco Buscicchio in via Mantegna, nel quartiere Sant\u2019Elia- Brindisi. Un centro estivo il cui successo \u00e8 confermato dalle tante richieste di proroga da parte dei genitori dei bambini che hanno partecipato. Si \u00e8 assistito alla continuit\u00e0 di un percorso, iniziato gi\u00e0 da un paio di anni, quando un gruppo informale di cittadini ha deciso di prendersi cura e di farsi carico dell\u2019educazione dei bambini di Sant\u2019Elia, per poi giungere alla fotografia di oggi dove i bambini sono protagonisti della rigenerazione del parco e di nuovo concetto di abitabilit\u00e0 rispetto al bene comune. Vogliamo costruire una nuova frontiera a Sant\u2019Elia e in citt\u00e0 per un\u2019educazione accessibile a tutti che sviluppi apprendimento diffuso e informale. In uno spazio aperto e riconosciuto, abbiamo lavorato ad un laboratorio di contaminazione sociale, culturale, economica, mescolando le provenienze. \u00c8 necessario l\u2019incontro e&#8230;<\/p>\n","protected":false},"author":2,"featured_media":175394,"comment_status":"open","ping_status":"closed","sticky":false,"template":"","format":"standard","meta":{"footnotes":""},"categories":[7],"tags":[],"class_list":["post-175393","post","type-post","status-publish","format-standard","has-post-thumbnail","hentry","category-news"],"_links":{"self":[{"href":"https:\/\/www.brundisium.net\/index.php\/wp-json\/wp\/v2\/posts\/175393","targetHints":{"allow":["GET"]}}],"collection":[{"href":"https:\/\/www.brundisium.net\/index.php\/wp-json\/wp\/v2\/posts"}],"about":[{"href":"https:\/\/www.brundisium.net\/index.php\/wp-json\/wp\/v2\/types\/post"}],"author":[{"embeddable":true,"href":"https:\/\/www.brundisium.net\/index.php\/wp-json\/wp\/v2\/users\/2"}],"replies":[{"embeddable":true,"href":"https:\/\/www.brundisium.net\/index.php\/wp-json\/wp\/v2\/comments?post=175393"}],"version-history":[{"count":1,"href":"https:\/\/www.brundisium.net\/index.php\/wp-json\/wp\/v2\/posts\/175393\/revisions"}],"predecessor-version":[{"id":175395,"href":"https:\/\/www.brundisium.net\/index.php\/wp-json\/wp\/v2\/posts\/175393\/revisions\/175395"}],"wp:featuredmedia":[{"embeddable":true,"href":"https:\/\/www.brundisium.net\/index.php\/wp-json\/wp\/v2\/media\/175394"}],"wp:attachment":[{"href":"https:\/\/www.brundisium.net\/index.php\/wp-json\/wp\/v2\/media?parent=175393"}],"wp:term":[{"taxonomy":"category","embeddable":true,"href":"https:\/\/www.brundisium.net\/index.php\/wp-json\/wp\/v2\/categories?post=175393"},{"taxonomy":"post_tag","embeddable":true,"href":"https:\/\/www.brundisium.net\/index.php\/wp-json\/wp\/v2\/tags?post=175393"}],"curies":[{"name":"wp","href":"https:\/\/api.w.org\/{rel}","templated":true}]}}