{"id":175412,"date":"2020-08-03T16:02:50","date_gmt":"2020-08-03T14:02:50","guid":{"rendered":"http:\/\/www.brundisium.net\/?p=175412"},"modified":"2020-08-07T17:50:01","modified_gmt":"2020-08-07T15:50:01","slug":"domenica-9-torna-la-magia-del-concerto-allalba-nel-porto-di-brindisi","status":"publish","type":"post","link":"https:\/\/www.brundisium.net\/index.php\/domenica-9-torna-la-magia-del-concerto-allalba-nel-porto-di-brindisi\/","title":{"rendered":"Domenica 9 torna la magia del concerto all&#8217;alba nel porto di Brindisi"},"content":{"rendered":"<p><a href=\"http:\/\/www.brundisium.net\/brun\/wp-content\/uploads\/2020\/08\/Stefania-Argentieri.jpg\"><img loading=\"lazy\" decoding=\"async\" class=\"alignleft size-medium wp-image-175413\" src=\"http:\/\/www.brundisium.net\/brun\/wp-content\/uploads\/2020\/08\/Stefania-Argentieri-300x222.jpg\" alt=\"\" width=\"300\" height=\"222\" srcset=\"https:\/\/www.brundisium.net\/brun\/wp-content\/uploads\/2020\/08\/Stefania-Argentieri-300x222.jpg 300w, https:\/\/www.brundisium.net\/brun\/wp-content\/uploads\/2020\/08\/Stefania-Argentieri-768x567.jpg 768w, https:\/\/www.brundisium.net\/brun\/wp-content\/uploads\/2020\/08\/Stefania-Argentieri-270x200.jpg 270w, https:\/\/www.brundisium.net\/brun\/wp-content\/uploads\/2020\/08\/Stefania-Argentieri.jpg 960w\" sizes=\"auto, (max-width: 300px) 100vw, 300px\" \/><\/a>Nel cuore del porto interno, ai piedi della Scalinata Virgilio, un concerto alle prime luci del giorno (domenica 9 agosto, ore 5) che unisce il fascino delle note suonate alla bellezza rischiarata della citt\u00e0. In prossimit\u00e0 del concerto, visita guidata del cielo stellato. L\u2019ingresso \u00e8 libero.<\/p>\n<p>&nbsp;<\/p>\n<p>Il silenzio del porto e la voce delle note. Un\u2019alba, quella di domenica 9 agosto, da ammirare dal porto interno. La citt\u00e0 che si risveglia dopo una notte silenziosa con uno straordinario concerto, in programma alle ore 5 (ingresso libero), nello splendido scenario della Scalinata Virgilio. Il concerto \u00e8 sostenuto con le azioni del piano regionale straordinario \u00abCustodiamo la Cultura in Puglia\u00bb e realizzato dall\u2019associazione \u00abAuditorium\u00bb con la partecipazione dell\u2019Amministrazione comunale di Brindisi e del Teatro Pubblico Pugliese. Il sole sorger\u00e0 alle ore 5.54.<\/p>\n<p>&nbsp;<\/p>\n<p>Titolo del concerto \u00abCaf\u00e8 Music\u00bb, protagonista il Trio Diomede (M\u00b0 Francesco Peverini, violino; M\u00b0 Francesco Mastromatteo, violoncello; M\u00b0 Stefania Argentieri, pianoforte): le prime luci del giorno, un panorama dipinto dai colori della notte e dell\u2019aurora specchiati nel porto, coesistono in piena armonia in un contesto privilegiato. Il concerto \u00e8 preceduto da un\u2019osservazione del cielo stellato al telescopio (inizio ore 4.30), dal titolo \u00abIl cielo d\u2019agosto\u00bb, a cura dello studioso Cosimo Galasso, esperienza che regala l\u2019emozione di viaggiare tra le stelle e le galassie, esplorare i pianeti e narrare i miti e le leggende che i popoli antichi hanno immaginato di rappresentare sulla volta del cielo.<\/p>\n<p>&nbsp;<\/p>\n<p>Alla complicit\u00e0 e al grande senso artistico del Trio Diomede, il compito di condurci dall\u2019oscurit\u00e0 della notte ai meravigliosi colori dell\u2019alba attraverso un viaggio in musica, simbolo di risveglio e rinascita, un incoraggiamento alla vita in un momento nel quale l\u2019orizzonte \u00e8 ancora in bilico su un tempo incerto. Il programma comprende le composizioni di alcuni tra i pi\u00f9 grandi nomi della storia della musica. Paul Schoenfeld, tra i pi\u00f9 importanti compositori americani viventi, scrive \u00abCaf\u00e8 Music\u00bb per omaggiare le origini del linguaggio jazz. La brillantezza ritmica di questo brano passa in rassegna swing, dixieland, ragtime e blues attraverso i virtuosismi e l\u2019equilibrio timbrico e formale della formazione \u201cclassica\u201d del trio violino-violoncello-pianoforte.<\/p>\n<p>&nbsp;<\/p>\n<p>Astor Piazzolla, nelle \u00abQuattro Stagioni Portene\u00bb, celebra non solo la propria terra e il tango che ne descrive l\u2019anima, ma percorre, con sapienza compositiva unica, un affascinante viaggio negli stili della musica occidentale. Cos\u00ec agli echi della polifonia di Bach, seguono le suggestioni armoniche di Schumann, l\u2019esuberanza ritmica di Stravinsky e il gusto timbrico di Debussy. L\u2019arrangiamento per trio di Jos\u00e9 Bragato, violoncellista amato da Piazzolla, rende quanto mai appassionate la sensualit\u00e0 ritmica di questo capolavoro, affresco di Buenos Aires e della nostra anima.<\/p>\n<p>&nbsp;<\/p>\n<p>Protagonisti della matin\u00e9e musicale il M\u00b0 Stefania Argentieri, artista brindisina e giovane talento del concertismo nazionale e internazionale, insieme con due straordinari musicisti come il M\u00b0 Francesco Peverini, affermato violinista che esalta i virtuosismi del suo violino \u201cCarlo Antonio Testore\u201d del 1727, e il M\u00b0 Francesco Mastromatteo, violoncellista di fama internazionale, definito dal Dallas Morning News \u201cvirtuosic and passionate musician\u201d per la sua testimonianza della cultura e della genialit\u00e0 italiana nel mondo.<br \/>\n\u00abL\u2019alba \u00e8 una specie di sbiancare del cielo; una specie di rinnovamento. Un altro giorno; un altro venerd\u00ec; un altro venti di marzo, di gennaio, o di settembre. Un altro risveglio\u00bb. Virginia Woolf<\/p>\n","protected":false},"excerpt":{"rendered":"<p>Nel cuore del porto interno, ai piedi della Scalinata Virgilio, un concerto alle prime luci del giorno (domenica 9 agosto, ore 5) che unisce il fascino delle note suonate alla bellezza rischiarata della citt\u00e0. In prossimit\u00e0 del concerto, visita guidata del cielo stellato. L\u2019ingresso \u00e8 libero. &nbsp; Il silenzio del porto e la voce delle note. Un\u2019alba, quella di domenica 9 agosto, da ammirare dal porto interno. La citt\u00e0 che si risveglia dopo una notte silenziosa con uno straordinario concerto, in programma alle ore 5 (ingresso libero), nello splendido scenario della Scalinata Virgilio. Il concerto \u00e8 sostenuto con le azioni del piano regionale straordinario \u00abCustodiamo la Cultura in Puglia\u00bb e realizzato dall\u2019associazione \u00abAuditorium\u00bb con la partecipazione dell\u2019Amministrazione comunale di Brindisi e del Teatro Pubblico Pugliese. Il sole sorger\u00e0 alle ore 5.54. &nbsp; Titolo del concerto \u00abCaf\u00e8 Music\u00bb, protagonista il Trio Diomede (M\u00b0 Francesco Peverini, violino; M\u00b0 Francesco Mastromatteo, violoncello; M\u00b0 Stefania Argentieri, pianoforte): le prime luci del giorno, un panorama dipinto dai colori della notte e dell\u2019aurora specchiati nel porto,&#8230;<\/p>\n","protected":false},"author":2,"featured_media":175414,"comment_status":"open","ping_status":"closed","sticky":false,"template":"","format":"standard","meta":{"footnotes":""},"categories":[7],"tags":[],"class_list":["post-175412","post","type-post","status-publish","format-standard","has-post-thumbnail","hentry","category-news"],"_links":{"self":[{"href":"https:\/\/www.brundisium.net\/index.php\/wp-json\/wp\/v2\/posts\/175412","targetHints":{"allow":["GET"]}}],"collection":[{"href":"https:\/\/www.brundisium.net\/index.php\/wp-json\/wp\/v2\/posts"}],"about":[{"href":"https:\/\/www.brundisium.net\/index.php\/wp-json\/wp\/v2\/types\/post"}],"author":[{"embeddable":true,"href":"https:\/\/www.brundisium.net\/index.php\/wp-json\/wp\/v2\/users\/2"}],"replies":[{"embeddable":true,"href":"https:\/\/www.brundisium.net\/index.php\/wp-json\/wp\/v2\/comments?post=175412"}],"version-history":[{"count":1,"href":"https:\/\/www.brundisium.net\/index.php\/wp-json\/wp\/v2\/posts\/175412\/revisions"}],"predecessor-version":[{"id":175415,"href":"https:\/\/www.brundisium.net\/index.php\/wp-json\/wp\/v2\/posts\/175412\/revisions\/175415"}],"wp:featuredmedia":[{"embeddable":true,"href":"https:\/\/www.brundisium.net\/index.php\/wp-json\/wp\/v2\/media\/175414"}],"wp:attachment":[{"href":"https:\/\/www.brundisium.net\/index.php\/wp-json\/wp\/v2\/media?parent=175412"}],"wp:term":[{"taxonomy":"category","embeddable":true,"href":"https:\/\/www.brundisium.net\/index.php\/wp-json\/wp\/v2\/categories?post=175412"},{"taxonomy":"post_tag","embeddable":true,"href":"https:\/\/www.brundisium.net\/index.php\/wp-json\/wp\/v2\/tags?post=175412"}],"curies":[{"name":"wp","href":"https:\/\/api.w.org\/{rel}","templated":true}]}}