{"id":175572,"date":"2020-08-06T16:30:32","date_gmt":"2020-08-06T14:30:32","guid":{"rendered":"http:\/\/www.brundisium.net\/?p=175572"},"modified":"2020-08-06T15:37:07","modified_gmt":"2020-08-06T13:37:07","slug":"lendinuso-martedi-11-si-presenta-la-favola-antibullismo-di-luisa-corna","status":"publish","type":"post","link":"https:\/\/www.brundisium.net\/index.php\/lendinuso-martedi-11-si-presenta-la-favola-antibullismo-di-luisa-corna\/","title":{"rendered":"Lendinuso: marted\u00ec 11 si presenta la favola antibullismo di Luisa Corna"},"content":{"rendered":"<p>Tofu e la magia dell\u2019arcobaleno sar\u00e0 presentato dall\u2019autrice marted\u00ec 11 agosto alle 21.30 in piazzale Vittoria<br \/>\nLENDINUSO (Torchiarolo) \u2013 Si apre il sipario sugli eventi estivi promossi dalla Proloco \u201cTurchellis\u201d di Torchiarolo in collaborazione e con il contributo del Comune: il primo appuntamento, organizzato con la partecipazione del Comitato dei genitori di Torchiarolo e l\u2019associazione culturale \u201cLa valigia blu\u201d, si svolger\u00e0 marted\u00ec 11 agosto alle 21.30 in piazzale Vittoria con la presentazione della favola \u201cTofu e la magia dell\u2019arcobaleno\u201d scritta dalla cantante e showgirl Luisa Corna. A dialogare con l\u2019autrice la giornalista Fabiana Agnello.<\/p>\n<p>Tra colorate illustrazioni, canzoni e racconti, la poliedrica Luisa Corna, stupisce i suoi fan con il primo lavoro editoriale dedicato ai lettori pi\u00f9 piccoli, ma che incuriosisce anche gli adulti per il tema trattato, il bullismo.<br \/>\n\u201cChe l\u2019educazione dei nostri figli venga delegata alle cosiddette \u2018agenzie esterne\u2019 come la palestra, la scuola, l\u2019oratorio, non vuol dire che dobbiamo dimenticare che sia proprio la famiglia la prima agenzia educativa \u2013 dice il Comitato dei genitori. \u201cPurtroppo, abbiamo notizia e assistiamo sempre pi\u00f9 spesso a vicende in cui un ragazzo viene preso di mira dai propri coetanei, a volte anche inconsapevolmente violente, che lasciano un segno nello sviluppo cognitivo dei pi\u00f9 giovani\u201d prosegue il Co.ge. \u201cDa questa premessa e dall\u2019incontro tra Comitato Genitori e ProLoco di Torchiarolo \u00e8 nata l\u2019idea di presentare il libro \u2018Tofu e la magia dell\u2019arcobaleno\u2019 ultimato proprio prima dell\u2019emergenza sanitaria, da Luisa Corna\u201d.<\/p>\n<p>La serata, a ingresso gratuito, si svolger\u00e0 nel rispetto del distanziamento sociale previsto per la normativa anti covid-19 e con l\u2019obbligo di indossare la mascherina, come per tutti gli eventi e rassegne culturali programmate per i mesi di agosto e settembre dalla ProLoco \u201cTurchellis\u201d. \u201cPoco meno di una settimana fa abbiamo presentato la richiesta ufficiale al commissario prefettizio, Maria Rita Coluccia, che ha accolto con entusiasmo e concesso in tempi record il patrocinio con relativo contributo. La ringraziamo per la fiducia\u201d, dice la ProLoco. \u201cCon questi eventi vogliamo instillare un sentimento di fiducia nei residenti del paese, nei villeggianti che scelgono di soggiornare nelle marine di Torchiarolo e soprattutto nei commercianti che investono coraggiosamente nel nostro territorio\u201d conclude.<\/p>\n<p>&nbsp;<\/p>\n<p><strong>Trama del libro \u201cTofu e la magia dell\u2019arcobaleno\u201d<\/strong><br \/>\nL&#8217;eroe protagonista \u00e8 un piccolo alieno di nome Tofu che proviene da Arcus, un pianeta dove tutti vivono in armonia; spinto dalla curiosit\u00e0 e dalla passione per la musica intraprender\u00e0 questo viaggio interstellare che lo porter\u00e0 sulla Terra.<br \/>\nNella sua avventura stringer\u00e0 una grande amicizia con Lucy, una bambina che soffre di un&#8217;importante malattia agli occhi. Scoprir\u00e0 che a scuola Lucy subisce delle prepotenze, per via dei suoi grandi occhiali, da parte di alcuni compagni che sono soliti prendere in giro anche altri bambini. Tofu riuscir\u00e0 ad insegnare ai bambini che se anche siamo tutti diversi siamo tutti nello stesso modo importanti come i colori dell&#8217;arcobaleno. Nell&#8217;epilogo, Lucy e Tofu inventano una nuova canzone che chiuder\u00e0 la magia di questo incontro. Interessante l&#8217;inserimento nel libro dei testi e degli spartiti allegati con l\u2019intento di appassionare i giovani lettori alla musica.<br \/>\n\u201cTofu e la magia dell\u2019arcobaleno\u201d, edizioni A.Car, contiene brani musicali cantati dal \u201cPiccolo Coro\u201d di Novara e illustrazioni di Fiora Giovino. Prefazione di Enrico Ruggeri. Introduzione di Annalisa Minetti.<\/p>\n<p>&nbsp;<\/p>\n<p><strong>Biografia ProLoco<\/strong><br \/>\nLa ProLoco Turchellis nasce nel 2018 dal desiderio di ridare valore al territorio, forse da troppo tempo nel dimenticatoio, consapevole che ci siano piccoli angoli di meraviglia da far conoscere a tutti. Tra gli obiettivi di promozione della realt\u00e0 locale, i cui primi riferimenti risalgono al XII secolo, ci sono quelli di riscoprire le tradizioni antiche, con un occhio particolare anche alla vicina citt\u00e0 Messapica di Valesio. Il tutto cercando di coinvolgere il maggior numero di persone, anche attraverso gruppi di lavoro, sicuri che la collaborazione possa apportare benefici alla Comunit\u00e0.<br \/>\nLa ProLoco Turchellis ha realizzato diverse iniziative tra cui \u201cLibri in corte\u201d, \u201cUna barca di libri\u201d e \u201cGenerAzioneMare\u201d nella stagione estiva, in collaborazione con WWF.<br \/>\nPuntando alla tradizione locale e coinvolgendo i ragazzi ha ri-portato in piazza la \u201cMattrha\u201d di San Giuseppe e, quest\u2019anno, ha approntato il calendario di iniziative tardo-estive, dopo il commissariamento del Comune.<\/p>\n<p>&nbsp;<\/p>\n<p><strong>Biografia Comitato genitori<\/strong><br \/>\nIl Comitato Genitori nasce alla fine del 2017, in un periodo molto difficile per la cittadina, facendosi carico di diventare ponte tra le Istituzioni e il mondo delle famiglie con i figli in et\u00e0 scolare, sempre cercando di contribuire ad una sana crescita dei ragazzi, in un contesto in cui la stessa percezione di \u201cLegalit\u00e0\u201d risultava (ed \u00e8 ancora) notevolmente affievolita.<br \/>\nSono diverse le attivit\u00e0 che il Comitato Genitori \u00e8 riuscito ad avviare attraverso una rete di Famiglie, Volontari ed Istituzioni: il servizio Pedibus (Torchiarolo \u00e8 stato tra i primi ad intraprendere questa iniziativa in Salento), poi l\u2019importante progetto \u201cDona per la tua scuola\u201d in collaborazione con Avis che, attraverso le donazioni degli adulti, si impegna a realizzare i piccoli sogni dei nostri ragazzi, a scuola. Il Comitato ha incentivato anche il recupero del Consiglio comunale dei ragazzi, ha ottenuto anche importanti dotazioni informatiche per l\u2019Istituto Comprensivo e la Parrocchia, attraverso la mediazione con un noto studio legale internazionale con sede in Lombardia. Ha organizzato diverse iniziative sul territorio a sostegno della socialit\u00e0 tra famiglie e nella serata, affider\u00e0 all\u2019Istituto Comprensivo \u201cValesium\u201d nuovo materiale tecnologico, proprio per gli approfondimenti musicali dei piccoli studenti.<\/p>\n","protected":false},"excerpt":{"rendered":"<p>Tofu e la magia dell\u2019arcobaleno sar\u00e0 presentato dall\u2019autrice marted\u00ec 11 agosto alle 21.30 in piazzale Vittoria LENDINUSO (Torchiarolo) \u2013 Si apre il sipario sugli eventi estivi promossi dalla Proloco \u201cTurchellis\u201d di Torchiarolo in collaborazione e con il contributo del Comune: il primo appuntamento, organizzato con la partecipazione del Comitato dei genitori di Torchiarolo e l\u2019associazione culturale \u201cLa valigia blu\u201d, si svolger\u00e0 marted\u00ec 11 agosto alle 21.30 in piazzale Vittoria con la presentazione della favola \u201cTofu e la magia dell\u2019arcobaleno\u201d scritta dalla cantante e showgirl Luisa Corna. A dialogare con l\u2019autrice la giornalista Fabiana Agnello. Tra colorate illustrazioni, canzoni e racconti, la poliedrica Luisa Corna, stupisce i suoi fan con il primo lavoro editoriale dedicato ai lettori pi\u00f9 piccoli, ma che incuriosisce anche gli adulti per il tema trattato, il bullismo. \u201cChe l\u2019educazione dei nostri figli venga delegata alle cosiddette \u2018agenzie esterne\u2019 come la palestra, la scuola, l\u2019oratorio, non vuol dire che dobbiamo dimenticare che sia proprio la famiglia la prima agenzia educativa \u2013 dice il Comitato dei genitori. \u201cPurtroppo, abbiamo&#8230;<\/p>\n","protected":false},"author":2,"featured_media":165414,"comment_status":"open","ping_status":"closed","sticky":false,"template":"","format":"standard","meta":{"footnotes":""},"categories":[7],"tags":[],"class_list":["post-175572","post","type-post","status-publish","format-standard","has-post-thumbnail","hentry","category-news"],"_links":{"self":[{"href":"https:\/\/www.brundisium.net\/index.php\/wp-json\/wp\/v2\/posts\/175572","targetHints":{"allow":["GET"]}}],"collection":[{"href":"https:\/\/www.brundisium.net\/index.php\/wp-json\/wp\/v2\/posts"}],"about":[{"href":"https:\/\/www.brundisium.net\/index.php\/wp-json\/wp\/v2\/types\/post"}],"author":[{"embeddable":true,"href":"https:\/\/www.brundisium.net\/index.php\/wp-json\/wp\/v2\/users\/2"}],"replies":[{"embeddable":true,"href":"https:\/\/www.brundisium.net\/index.php\/wp-json\/wp\/v2\/comments?post=175572"}],"version-history":[{"count":1,"href":"https:\/\/www.brundisium.net\/index.php\/wp-json\/wp\/v2\/posts\/175572\/revisions"}],"predecessor-version":[{"id":175578,"href":"https:\/\/www.brundisium.net\/index.php\/wp-json\/wp\/v2\/posts\/175572\/revisions\/175578"}],"wp:featuredmedia":[{"embeddable":true,"href":"https:\/\/www.brundisium.net\/index.php\/wp-json\/wp\/v2\/media\/165414"}],"wp:attachment":[{"href":"https:\/\/www.brundisium.net\/index.php\/wp-json\/wp\/v2\/media?parent=175572"}],"wp:term":[{"taxonomy":"category","embeddable":true,"href":"https:\/\/www.brundisium.net\/index.php\/wp-json\/wp\/v2\/categories?post=175572"},{"taxonomy":"post_tag","embeddable":true,"href":"https:\/\/www.brundisium.net\/index.php\/wp-json\/wp\/v2\/tags?post=175572"}],"curies":[{"name":"wp","href":"https:\/\/api.w.org\/{rel}","templated":true}]}}